{"id":7885,"date":"2025-07-14T16:15:43","date_gmt":"2025-07-14T19:15:43","guid":{"rendered":"https:\/\/ubaldofernandes.com\/?post_type=news&#038;p=7885"},"modified":"2025-07-14T16:15:44","modified_gmt":"2025-07-14T19:15:44","slug":"deputado-ubaldo-reforca-demandas-de-macau-junto-a-cehab-e-sethas-ao-lado-do-vereador-fagner","status":"publish","type":"news","link":"https:\/\/ubaldofernandes.com\/index.php\/news\/deputado-ubaldo-reforca-demandas-de-macau-junto-a-cehab-e-sethas-ao-lado-do-vereador-fagner\/","title":{"rendered":"Deputado Ubaldo refor\u00e7a demandas de Macau junto \u00e0 CEHAB e SETHAS ao lado do vereador Fagner"},"content":{"rendered":"\n<p>Na manh\u00e3 desta segunda-feira (14), o deputado estadual Ubaldo Fernandes (PSDB) cumpriu agenda em \u00f3rg\u00e3os do Governo do Estado com o vereador Fagner Teod\u00f3sio, de Macau, para refor\u00e7ar pleitos importantes da cidade. As reuni\u00f5es aconteceram na Companhia Estadual de Habita\u00e7\u00e3o e Desenvolvimento Urbano (CEHAB) e na Secretaria de Estado do Trabalho, da Habita\u00e7\u00e3o e da Assist\u00eancia Social (SETHAS), com o objetivo de cobrar solu\u00e7\u00f5es efetivas para demandas j\u00e1 protocoladas por meio de of\u00edcios anteriores.<\/p>\n\n\n\n<p>Na CEHAB, o foco da audi\u00eancia foi a regulariza\u00e7\u00e3o fundi\u00e1ria em diferentes comunidades de Macau. Ubaldo e Fagner cobraram a entrega dos t\u00edtulos definitivos dos im\u00f3veis desapropriados da Alcanorte, a regulariza\u00e7\u00e3o da documenta\u00e7\u00e3o dos im\u00f3veis da COHAB e a finaliza\u00e7\u00e3o dos documentos pendentes dos im\u00f3veis do Conjunto Ant\u00f4nio Leite e do Bairro dos Navegantes. \u201cEssas s\u00e3o reivindica\u00e7\u00f5es justas, que garantem dignidade, seguran\u00e7a jur\u00eddica e o direito \u00e0 moradia a muitas fam\u00edlias macauenses\u201d, destacou o deputado.<\/p>\n\n\n\n<p>J\u00e1 na SETHAS, a pauta foi a amplia\u00e7\u00e3o do Programa do Leite Potiguar para o munic\u00edpio de Macau e seus distritos. A iniciativa busca ampliar o acesso de fam\u00edlias em situa\u00e7\u00e3o de vulnerabilidade ao leite distribu\u00eddo pelo Governo do Estado. \u201cSabemos da import\u00e2ncia desse programa na alimenta\u00e7\u00e3o de crian\u00e7as, idosos e pessoas em risco social. Por isso, refor\u00e7amos esse pedido junto \u00e0 gest\u00e3o estadual\u201d, ressaltou o vereador Fagner.<\/p>\n\n\n\n<p>Com atua\u00e7\u00e3o municipalista, Ubaldo Fernandes tem mantido di\u00e1logo constante com lideran\u00e7as do interior, atuando como elo entre os munic\u00edpios e o Governo do Estado. \u201cNosso mandato est\u00e1 de portas abertas para ajudar a resolver as demandas dos munic\u00edpios potiguares. Seguiremos acompanhando essas pautas de perto at\u00e9 que elas se tornem realidade\u201d, concluiu o parlamentar.<\/p>\n\n\n\n<figure class=\"wp-block-image size-large\"><img loading=\"lazy\" decoding=\"async\" width=\"768\" height=\"1024\" src=\"https:\/\/ubaldofernandes.com\/wp-content\/uploads\/2025\/07\/WhatsApp-Image-2025-07-14-at-12.28.28-768x1024.jpeg\" alt=\"\" class=\"wp-image-7887\" srcset=\"https:\/\/ubaldofernandes.com\/wp-content\/uploads\/2025\/07\/WhatsApp-Image-2025-07-14-at-12.28.28-768x1024.jpeg 768w, https:\/\/ubaldofernandes.com\/wp-content\/uploads\/2025\/07\/WhatsApp-Image-2025-07-14-at-12.28.28-225x300.jpeg 225w, https:\/\/ubaldofernandes.com\/wp-content\/uploads\/2025\/07\/WhatsApp-Image-2025-07-14-at-12.28.28-1152x1536.jpeg 1152w, https:\/\/ubaldofernandes.com\/wp-content\/uploads\/2025\/07\/WhatsApp-Image-2025-07-14-at-12.28.28-1536x2048.jpeg 1536w, https:\/\/ubaldofernandes.com\/wp-content\/uploads\/2025\/07\/WhatsApp-Image-2025-07-14-at-12.28.28-scaled.jpeg 1920w\" sizes=\"auto, (max-width: 768px) 100vw, 768px\" \/><\/figure>\n","protected":false},"featured_media":7886,"parent":0,"template":"","class_list":["post-7885","news","type-news","status-publish","has-post-thumbnail","hentry"],"acf":[],"yoast_head":"<!-- This site is optimized with the Yoast SEO plugin v24.6 - https:\/\/yoast.com\/wordpress\/plugins\/seo\/ -->\n<title>Deputado Ubaldo refor\u00e7a demandas de Macau junto \u00e0 CEHAB e SETHAS ao lado do vereador Fagner - Ubaldo Fernandes<\/title>\n<meta name=\"robots\" content=\"index, follow, max-snippet:-1, max-image-preview:large, max-video-preview:-1\" \/>\n<link rel=\"canonical\" href=\"https:\/\/ubaldofernandes.com\/index.php\/news\/deputado-ubaldo-reforca-demandas-de-macau-junto-a-cehab-e-sethas-ao-lado-do-vereador-fagner\/\" \/>\n<meta property=\"og:locale\" content=\"pt_BR\" \/>\n<meta property=\"og:type\" content=\"article\" \/>\n<meta property=\"og:title\" content=\"Deputado Ubaldo refor\u00e7a demandas de Macau junto \u00e0 CEHAB e SETHAS ao lado do vereador Fagner - Ubaldo Fernandes\" \/>\n<meta property=\"og:description\" content=\"Na manh\u00e3 desta segunda-feira (14), o deputado estadual Ubaldo Fernandes (PSDB) cumpriu agenda em \u00f3rg\u00e3os do Governo do Estado com o vereador Fagner Teod\u00f3sio, de Macau, para refor\u00e7ar pleitos importantes da cidade. As reuni\u00f5es aconteceram na Companhia Estadual de Habita\u00e7\u00e3o e Desenvolvimento Urbano (CEHAB) e na Secretaria de Estado do Trabalho, da Habita\u00e7\u00e3o e da [&hellip;]\" \/>\n<meta property=\"og:url\" content=\"https:\/\/ubaldofernandes.com\/index.php\/news\/deputado-ubaldo-reforca-demandas-de-macau-junto-a-cehab-e-sethas-ao-lado-do-vereador-fagner\/\" \/>\n<meta property=\"og:site_name\" content=\"Ubaldo Fernandes\" \/>\n<meta property=\"article:modified_time\" content=\"2025-07-14T19:15:44+00:00\" \/>\n<meta property=\"og:image\" content=\"https:\/\/ubaldofernandes.com\/wp-content\/uploads\/2025\/07\/WhatsApp-Image-2025-07-14-at-12.28.27-scaled.jpeg\" \/>\n\t<meta property=\"og:image:width\" content=\"1920\" \/>\n\t<meta property=\"og:image:height\" content=\"2560\" \/>\n\t<meta property=\"og:image:type\" content=\"image\/jpeg\" \/>\n<meta name=\"twitter:card\" content=\"summary_large_image\" \/>\n<meta name=\"twitter:label1\" content=\"Est. tempo de leitura\" \/>\n\t<meta name=\"twitter:data1\" content=\"2 minutos\" \/>\n<script type=\"application\/ld+json\" class=\"yoast-schema-graph\">{\"@context\":\"https:\/\/schema.org\",\"@graph\":[{\"@type\":\"WebPage\",\"@id\":\"https:\/\/ubaldofernandes.com\/index.php\/news\/deputado-ubaldo-reforca-demandas-de-macau-junto-a-cehab-e-sethas-ao-lado-do-vereador-fagner\/\",\"url\":\"https:\/\/ubaldofernandes.com\/index.php\/news\/deputado-ubaldo-reforca-demandas-de-macau-junto-a-cehab-e-sethas-ao-lado-do-vereador-fagner\/\",\"name\":\"Deputado Ubaldo refor\u00e7a demandas de Macau junto \u00e0 CEHAB e SETHAS ao lado do vereador Fagner - Ubaldo Fernandes\",\"isPartOf\":{\"@id\":\"https:\/\/ubaldofernandes.com\/#website\"},\"primaryImageOfPage\":{\"@id\":\"https:\/\/ubaldofernandes.com\/index.php\/news\/deputado-ubaldo-reforca-demandas-de-macau-junto-a-cehab-e-sethas-ao-lado-do-vereador-fagner\/#primaryimage\"},\"image\":{\"@id\":\"https:\/\/ubaldofernandes.com\/index.php\/news\/deputado-ubaldo-reforca-demandas-de-macau-junto-a-cehab-e-sethas-ao-lado-do-vereador-fagner\/#primaryimage\"},\"thumbnailUrl\":\"https:\/\/ubaldofernandes.com\/wp-content\/uploads\/2025\/07\/WhatsApp-Image-2025-07-14-at-12.28.27-scaled.jpeg\",\"datePublished\":\"2025-07-14T19:15:43+00:00\",\"dateModified\":\"2025-07-14T19:15:44+00:00\",\"breadcrumb\":{\"@id\":\"https:\/\/ubaldofernandes.com\/index.php\/news\/deputado-ubaldo-reforca-demandas-de-macau-junto-a-cehab-e-sethas-ao-lado-do-vereador-fagner\/#breadcrumb\"},\"inLanguage\":\"pt-BR\",\"potentialAction\":[{\"@type\":\"ReadAction\",\"target\":[\"https:\/\/ubaldofernandes.com\/index.php\/news\/deputado-ubaldo-reforca-demandas-de-macau-junto-a-cehab-e-sethas-ao-lado-do-vereador-fagner\/\"]}]},{\"@type\":\"ImageObject\",\"inLanguage\":\"pt-BR\",\"@id\":\"https:\/\/ubaldofernandes.com\/index.php\/news\/deputado-ubaldo-reforca-demandas-de-macau-junto-a-cehab-e-sethas-ao-lado-do-vereador-fagner\/#primaryimage\",\"url\":\"https:\/\/ubaldofernandes.com\/wp-content\/uploads\/2025\/07\/WhatsApp-Image-2025-07-14-at-12.28.27-scaled.jpeg\",\"contentUrl\":\"https:\/\/ubaldofernandes.com\/wp-content\/uploads\/2025\/07\/WhatsApp-Image-2025-07-14-at-12.28.27-scaled.jpeg\",\"width\":1920,\"height\":2560},{\"@type\":\"BreadcrumbList\",\"@id\":\"https:\/\/ubaldofernandes.com\/index.php\/news\/deputado-ubaldo-reforca-demandas-de-macau-junto-a-cehab-e-sethas-ao-lado-do-vereador-fagner\/#breadcrumb\",\"itemListElement\":[{\"@type\":\"ListItem\",\"position\":1,\"name\":\"In\u00edcio\",\"item\":\"https:\/\/ubaldofernandes.com\/\"},{\"@type\":\"ListItem\",\"position\":2,\"name\":\"Not\u00edcias\",\"item\":\"https:\/\/ubaldofernandes.com\/index.php\/news\/\"},{\"@type\":\"ListItem\",\"position\":3,\"name\":\"Deputado Ubaldo refor\u00e7a demandas de Macau junto \u00e0 CEHAB e SETHAS ao lado do vereador Fagner\"}]},{\"@type\":\"WebSite\",\"@id\":\"https:\/\/ubaldofernandes.com\/#website\",\"url\":\"https:\/\/ubaldofernandes.com\/\",\"name\":\"Ubaldo Fernandes\",\"description\":\"Deputado Estadual\",\"potentialAction\":[{\"@type\":\"SearchAction\",\"target\":{\"@type\":\"EntryPoint\",\"urlTemplate\":\"https:\/\/ubaldofernandes.com\/?s={search_term_string}\"},\"query-input\":{\"@type\":\"PropertyValueSpecification\",\"valueRequired\":true,\"valueName\":\"search_term_string\"}}],\"inLanguage\":\"pt-BR\"}]}<\/script>\n<!-- \/ Yoast SEO plugin. -->","yoast_head_json":{"title":"Deputado Ubaldo refor\u00e7a demandas de Macau junto \u00e0 CEHAB e SETHAS ao lado do vereador Fagner - Ubaldo Fernandes","robots":{"index":"index","follow":"follow","max-snippet":"max-snippet:-1","max-image-preview":"max-image-preview:large","max-video-preview":"max-video-preview:-1"},"canonical":"https:\/\/ubaldofernandes.com\/index.php\/news\/deputado-ubaldo-reforca-demandas-de-macau-junto-a-cehab-e-sethas-ao-lado-do-vereador-fagner\/","og_locale":"pt_BR","og_type":"article","og_title":"Deputado Ubaldo refor\u00e7a demandas de Macau junto \u00e0 CEHAB e SETHAS ao lado do vereador Fagner - Ubaldo Fernandes","og_description":"Na manh\u00e3 desta segunda-feira (14), o deputado estadual Ubaldo Fernandes (PSDB) cumpriu agenda em \u00f3rg\u00e3os do Governo do Estado com o vereador Fagner Teod\u00f3sio, de Macau, para refor\u00e7ar pleitos importantes da cidade. As reuni\u00f5es aconteceram na Companhia Estadual de Habita\u00e7\u00e3o e Desenvolvimento Urbano (CEHAB) e na Secretaria de Estado do Trabalho, da Habita\u00e7\u00e3o e da [&hellip;]","og_url":"https:\/\/ubaldofernandes.com\/index.php\/news\/deputado-ubaldo-reforca-demandas-de-macau-junto-a-cehab-e-sethas-ao-lado-do-vereador-fagner\/","og_site_name":"Ubaldo Fernandes","article_modified_time":"2025-07-14T19:15:44+00:00","og_image":[{"width":1920,"height":2560,"url":"https:\/\/ubaldofernandes.com\/wp-content\/uploads\/2025\/07\/WhatsApp-Image-2025-07-14-at-12.28.27-scaled.jpeg","type":"image\/jpeg"}],"twitter_card":"summary_large_image","twitter_misc":{"Est. tempo de leitura":"2 minutos"},"schema":{"@context":"https:\/\/schema.org","@graph":[{"@type":"WebPage","@id":"https:\/\/ubaldofernandes.com\/index.php\/news\/deputado-ubaldo-reforca-demandas-de-macau-junto-a-cehab-e-sethas-ao-lado-do-vereador-fagner\/","url":"https:\/\/ubaldofernandes.com\/index.php\/news\/deputado-ubaldo-reforca-demandas-de-macau-junto-a-cehab-e-sethas-ao-lado-do-vereador-fagner\/","name":"Deputado Ubaldo refor\u00e7a demandas de Macau junto \u00e0 CEHAB e SETHAS ao lado do vereador Fagner - Ubaldo Fernandes","isPartOf":{"@id":"https:\/\/ubaldofernandes.com\/#website"},"primaryImageOfPage":{"@id":"https:\/\/ubaldofernandes.com\/index.php\/news\/deputado-ubaldo-reforca-demandas-de-macau-junto-a-cehab-e-sethas-ao-lado-do-vereador-fagner\/#primaryimage"},"image":{"@id":"https:\/\/ubaldofernandes.com\/index.php\/news\/deputado-ubaldo-reforca-demandas-de-macau-junto-a-cehab-e-sethas-ao-lado-do-vereador-fagner\/#primaryimage"},"thumbnailUrl":"https:\/\/ubaldofernandes.com\/wp-content\/uploads\/2025\/07\/WhatsApp-Image-2025-07-14-at-12.28.27-scaled.jpeg","datePublished":"2025-07-14T19:15:43+00:00","dateModified":"2025-07-14T19:15:44+00:00","breadcrumb":{"@id":"https:\/\/ubaldofernandes.com\/index.php\/news\/deputado-ubaldo-reforca-demandas-de-macau-junto-a-cehab-e-sethas-ao-lado-do-vereador-fagner\/#breadcrumb"},"inLanguage":"pt-BR","potentialAction":[{"@type":"ReadAction","target":["https:\/\/ubaldofernandes.com\/index.php\/news\/deputado-ubaldo-reforca-demandas-de-macau-junto-a-cehab-e-sethas-ao-lado-do-vereador-fagner\/"]}]},{"@type":"ImageObject","inLanguage":"pt-BR","@id":"https:\/\/ubaldofernandes.com\/index.php\/news\/deputado-ubaldo-reforca-demandas-de-macau-junto-a-cehab-e-sethas-ao-lado-do-vereador-fagner\/#primaryimage","url":"https:\/\/ubaldofernandes.com\/wp-content\/uploads\/2025\/07\/WhatsApp-Image-2025-07-14-at-12.28.27-scaled.jpeg","contentUrl":"https:\/\/ubaldofernandes.com\/wp-content\/uploads\/2025\/07\/WhatsApp-Image-2025-07-14-at-12.28.27-scaled.jpeg","width":1920,"height":2560},{"@type":"BreadcrumbList","@id":"https:\/\/ubaldofernandes.com\/index.php\/news\/deputado-ubaldo-reforca-demandas-de-macau-junto-a-cehab-e-sethas-ao-lado-do-vereador-fagner\/#breadcrumb","itemListElement":[{"@type":"ListItem","position":1,"name":"In\u00edcio","item":"https:\/\/ubaldofernandes.com\/"},{"@type":"ListItem","position":2,"name":"Not\u00edcias","item":"https:\/\/ubaldofernandes.com\/index.php\/news\/"},{"@type":"ListItem","position":3,"name":"Deputado Ubaldo refor\u00e7a demandas de Macau junto \u00e0 CEHAB e SETHAS ao lado do vereador Fagner"}]},{"@type":"WebSite","@id":"https:\/\/ubaldofernandes.com\/#website","url":"https:\/\/ubaldofernandes.com\/","name":"Ubaldo Fernandes","description":"Deputado Estadual","potentialAction":[{"@type":"SearchAction","target":{"@type":"EntryPoint","urlTemplate":"https:\/\/ubaldofernandes.com\/?s={search_term_string}"},"query-input":{"@type":"PropertyValueSpecification","valueRequired":true,"valueName":"search_term_string"}}],"inLanguage":"pt-BR"}]}},"_links":{"self":[{"href":"https:\/\/ubaldofernandes.com\/index.php\/wp-json\/wp\/v2\/news\/7885","targetHints":{"allow":["GET"]}}],"collection":[{"href":"https:\/\/ubaldofernandes.com\/index.php\/wp-json\/wp\/v2\/news"}],"about":[{"href":"https:\/\/ubaldofernandes.com\/index.php\/wp-json\/wp\/v2\/types\/news"}],"wp:featuredmedia":[{"embeddable":true,"href":"https:\/\/ubaldofernandes.com\/index.php\/wp-json\/wp\/v2\/media\/7886"}],"wp:attachment":[{"href":"https:\/\/ubaldofernandes.com\/index.php\/wp-json\/wp\/v2\/media?parent=7885"}],"curies":[{"name":"wp","href":"https:\/\/api.w.org\/{rel}","templated":true}]}}