{"id":7921,"date":"2025-07-22T13:27:37","date_gmt":"2025-07-22T16:27:37","guid":{"rendered":"https:\/\/ubaldofernandes.com\/?post_type=news&#038;p=7921"},"modified":"2025-07-22T13:27:39","modified_gmt":"2025-07-22T16:27:39","slug":"deputado-ubaldo-articula-solucao-junto-ao-detran-para-garantir-sinalizacao-e-seguranca-na-frente-do-ifrn-de-sao-paulo-do-potengi","status":"publish","type":"news","link":"https:\/\/ubaldofernandes.com\/index.php\/news\/deputado-ubaldo-articula-solucao-junto-ao-detran-para-garantir-sinalizacao-e-seguranca-na-frente-do-ifrn-de-sao-paulo-do-potengi\/","title":{"rendered":"Deputado Ubaldo articula solu\u00e7\u00e3o junto ao Detran para garantir sinaliza\u00e7\u00e3o e seguran\u00e7a na frente do IFRN de S\u00e3o Paulo do Potengi"},"content":{"rendered":"\n<p>Na manh\u00e3 desta segunda-feira (21), o deputado estadual Ubaldo Fernandes articulou uma importante reuni\u00e3o no Departamento Estadual de Tr\u00e2nsito do Rio Grande do Norte (Detran RN), com o objetivo de buscar solu\u00e7\u00f5es para a falta de sinaliza\u00e7\u00e3o em frente ao IFRN Campus S\u00e3o Paulo do Potengi, localizado \u00e0s margens da RN-120. Atendendo \u00e0 demanda encaminhada oficialmente pela dire\u00e7\u00e3o da unidade de ensino, atrav\u00e9s do seu diretor Carlos Henrique, o diretor-geral do Detran, Jonielson Pereira, assegurou que ir\u00e1 atender \u00e0 solicita\u00e7\u00e3o e viabilizar, com brevidade, a implanta\u00e7\u00e3o de sinaliza\u00e7\u00e3o vertical e horizontal na \u00e1rea, promovendo mais seguran\u00e7a a alunos, motoristas e pedestres.<\/p>\n\n\n\n<p>Durante o encontro, foi apresentado um of\u00edcio que destaca o fluxo di\u00e1rio de aproximadamente 940 estudantes vindos de mais de 15 munic\u00edpios da regi\u00e3o Potengi, al\u00e9m da intensa movimenta\u00e7\u00e3o de ve\u00edculos, incluindo \u00f4nibus de grande porte, vans e autom\u00f3veis, principalmente nos hor\u00e1rios de entrada e sa\u00edda do campus. A situa\u00e7\u00e3o tem gerado preocupa\u00e7\u00f5es devido ao risco de acidentes, especialmente ap\u00f3s a recente recupera\u00e7\u00e3o da via, que resultou no aumento da velocidade dos ve\u00edculos no trecho em frente \u00e0 institui\u00e7\u00e3o.<\/p>\n\n\n\n<p>A solicita\u00e7\u00e3o encaminhada pelo diretor-geral do IFRN S\u00e3o Paulo do Potengi inclui a instala\u00e7\u00e3o de placas de advert\u00eancia para \u00e1rea escolar, sinaliza\u00e7\u00e3o de lombadas, limite de velocidade e a constru\u00e7\u00e3o de uma faixa de pedestres elevada. O trecho, que tamb\u00e9m \u00e9 rota de caminh\u00f5es e carretas que cruzam regi\u00f5es do Mato Grande e Serid\u00f3, tem se mostrado cr\u00edtico para o tr\u00e1fego seguro de estudantes e moradores locais.<\/p>\n\n\n\n<p>\u201cNosso mandato est\u00e1 sempre atento \u00e0s demandas que envolvem a preserva\u00e7\u00e3o de vidas e a seguran\u00e7a da popula\u00e7\u00e3o. Essa \u00e9 uma quest\u00e3o urgente, que envolve centenas de jovens e educadores, e conseguimos hoje o compromisso do Detran em atender ao pleito\u201d, ressaltou o deputado Ubaldo. A iniciativa foi elogiada pela dire\u00e7\u00e3o do IFRN, que vem adotando medidas paliativas para amenizar os riscos, como a instala\u00e7\u00e3o de refletores pr\u00f3prios e parcerias com a prefeitura para ilumina\u00e7\u00e3o da rodovia, mas que refor\u00e7a a urg\u00eancia de uma sinaliza\u00e7\u00e3o adequada para a preven\u00e7\u00e3o de acidentes.<\/p>\n\n\n\n<figure class=\"wp-block-image size-large\"><img loading=\"lazy\" decoding=\"async\" width=\"1024\" height=\"768\" src=\"https:\/\/ubaldofernandes.com\/wp-content\/uploads\/2025\/07\/WhatsApp-Image-2025-07-21-at-09.56.52-1-1024x768.jpeg\" alt=\"\" class=\"wp-image-7922\" srcset=\"https:\/\/ubaldofernandes.com\/wp-content\/uploads\/2025\/07\/WhatsApp-Image-2025-07-21-at-09.56.52-1-1024x768.jpeg 1024w, https:\/\/ubaldofernandes.com\/wp-content\/uploads\/2025\/07\/WhatsApp-Image-2025-07-21-at-09.56.52-1-300x225.jpeg 300w, https:\/\/ubaldofernandes.com\/wp-content\/uploads\/2025\/07\/WhatsApp-Image-2025-07-21-at-09.56.52-1-768x576.jpeg 768w, https:\/\/ubaldofernandes.com\/wp-content\/uploads\/2025\/07\/WhatsApp-Image-2025-07-21-at-09.56.52-1-1536x1152.jpeg 1536w, https:\/\/ubaldofernandes.com\/wp-content\/uploads\/2025\/07\/WhatsApp-Image-2025-07-21-at-09.56.52-1-2048x1536.jpeg 2048w\" sizes=\"auto, (max-width: 1024px) 100vw, 1024px\" \/><\/figure>\n\n\n\n<figure class=\"wp-block-image size-large\"><img loading=\"lazy\" decoding=\"async\" width=\"1024\" height=\"768\" src=\"https:\/\/ubaldofernandes.com\/wp-content\/uploads\/2025\/07\/WhatsApp-Image-2025-07-21-at-09.56.52-2-1024x768.jpeg\" alt=\"\" class=\"wp-image-7923\" srcset=\"https:\/\/ubaldofernandes.com\/wp-content\/uploads\/2025\/07\/WhatsApp-Image-2025-07-21-at-09.56.52-2-1024x768.jpeg 1024w, https:\/\/ubaldofernandes.com\/wp-content\/uploads\/2025\/07\/WhatsApp-Image-2025-07-21-at-09.56.52-2-300x225.jpeg 300w, https:\/\/ubaldofernandes.com\/wp-content\/uploads\/2025\/07\/WhatsApp-Image-2025-07-21-at-09.56.52-2-768x576.jpeg 768w, https:\/\/ubaldofernandes.com\/wp-content\/uploads\/2025\/07\/WhatsApp-Image-2025-07-21-at-09.56.52-2-1536x1152.jpeg 1536w, https:\/\/ubaldofernandes.com\/wp-content\/uploads\/2025\/07\/WhatsApp-Image-2025-07-21-at-09.56.52-2-2048x1536.jpeg 2048w\" sizes=\"auto, (max-width: 1024px) 100vw, 1024px\" \/><\/figure>\n","protected":false},"featured_media":7924,"parent":0,"template":"","class_list":["post-7921","news","type-news","status-publish","has-post-thumbnail","hentry"],"acf":[],"yoast_head":"<!-- This site is optimized with the Yoast SEO plugin v24.6 - https:\/\/yoast.com\/wordpress\/plugins\/seo\/ -->\n<title>Deputado Ubaldo articula solu\u00e7\u00e3o junto ao Detran para garantir sinaliza\u00e7\u00e3o e seguran\u00e7a na frente do IFRN de S\u00e3o Paulo do Potengi - Ubaldo Fernandes<\/title>\n<meta name=\"robots\" content=\"index, follow, max-snippet:-1, max-image-preview:large, max-video-preview:-1\" \/>\n<link rel=\"canonical\" href=\"https:\/\/ubaldofernandes.com\/index.php\/news\/deputado-ubaldo-articula-solucao-junto-ao-detran-para-garantir-sinalizacao-e-seguranca-na-frente-do-ifrn-de-sao-paulo-do-potengi\/\" \/>\n<meta property=\"og:locale\" content=\"pt_BR\" \/>\n<meta property=\"og:type\" content=\"article\" \/>\n<meta property=\"og:title\" content=\"Deputado Ubaldo articula solu\u00e7\u00e3o junto ao Detran para garantir sinaliza\u00e7\u00e3o e seguran\u00e7a na frente do IFRN de S\u00e3o Paulo do Potengi - Ubaldo Fernandes\" \/>\n<meta property=\"og:description\" content=\"Na manh\u00e3 desta segunda-feira (21), o deputado estadual Ubaldo Fernandes articulou uma importante reuni\u00e3o no Departamento Estadual de Tr\u00e2nsito do Rio Grande do Norte (Detran RN), com o objetivo de buscar solu\u00e7\u00f5es para a falta de sinaliza\u00e7\u00e3o em frente ao IFRN Campus S\u00e3o Paulo do Potengi, localizado \u00e0s margens da RN-120. Atendendo \u00e0 demanda encaminhada [&hellip;]\" \/>\n<meta property=\"og:url\" content=\"https:\/\/ubaldofernandes.com\/index.php\/news\/deputado-ubaldo-articula-solucao-junto-ao-detran-para-garantir-sinalizacao-e-seguranca-na-frente-do-ifrn-de-sao-paulo-do-potengi\/\" \/>\n<meta property=\"og:site_name\" content=\"Ubaldo Fernandes\" \/>\n<meta property=\"article:modified_time\" content=\"2025-07-22T16:27:39+00:00\" \/>\n<meta property=\"og:image\" content=\"https:\/\/ubaldofernandes.com\/wp-content\/uploads\/2025\/07\/WhatsApp-Image-2025-07-21-at-09.56.52-scaled.jpeg\" \/>\n\t<meta property=\"og:image:width\" content=\"1920\" \/>\n\t<meta property=\"og:image:height\" content=\"2560\" \/>\n\t<meta property=\"og:image:type\" content=\"image\/jpeg\" \/>\n<meta name=\"twitter:card\" content=\"summary_large_image\" \/>\n<meta name=\"twitter:label1\" content=\"Est. tempo de leitura\" \/>\n\t<meta name=\"twitter:data1\" content=\"3 minutos\" \/>\n<script type=\"application\/ld+json\" class=\"yoast-schema-graph\">{\"@context\":\"https:\/\/schema.org\",\"@graph\":[{\"@type\":\"WebPage\",\"@id\":\"https:\/\/ubaldofernandes.com\/index.php\/news\/deputado-ubaldo-articula-solucao-junto-ao-detran-para-garantir-sinalizacao-e-seguranca-na-frente-do-ifrn-de-sao-paulo-do-potengi\/\",\"url\":\"https:\/\/ubaldofernandes.com\/index.php\/news\/deputado-ubaldo-articula-solucao-junto-ao-detran-para-garantir-sinalizacao-e-seguranca-na-frente-do-ifrn-de-sao-paulo-do-potengi\/\",\"name\":\"Deputado Ubaldo articula solu\u00e7\u00e3o junto ao Detran para garantir sinaliza\u00e7\u00e3o e seguran\u00e7a na frente do IFRN de S\u00e3o Paulo do Potengi - Ubaldo Fernandes\",\"isPartOf\":{\"@id\":\"https:\/\/ubaldofernandes.com\/#website\"},\"primaryImageOfPage\":{\"@id\":\"https:\/\/ubaldofernandes.com\/index.php\/news\/deputado-ubaldo-articula-solucao-junto-ao-detran-para-garantir-sinalizacao-e-seguranca-na-frente-do-ifrn-de-sao-paulo-do-potengi\/#primaryimage\"},\"image\":{\"@id\":\"https:\/\/ubaldofernandes.com\/index.php\/news\/deputado-ubaldo-articula-solucao-junto-ao-detran-para-garantir-sinalizacao-e-seguranca-na-frente-do-ifrn-de-sao-paulo-do-potengi\/#primaryimage\"},\"thumbnailUrl\":\"https:\/\/ubaldofernandes.com\/wp-content\/uploads\/2025\/07\/WhatsApp-Image-2025-07-21-at-09.56.52-scaled.jpeg\",\"datePublished\":\"2025-07-22T16:27:37+00:00\",\"dateModified\":\"2025-07-22T16:27:39+00:00\",\"breadcrumb\":{\"@id\":\"https:\/\/ubaldofernandes.com\/index.php\/news\/deputado-ubaldo-articula-solucao-junto-ao-detran-para-garantir-sinalizacao-e-seguranca-na-frente-do-ifrn-de-sao-paulo-do-potengi\/#breadcrumb\"},\"inLanguage\":\"pt-BR\",\"potentialAction\":[{\"@type\":\"ReadAction\",\"target\":[\"https:\/\/ubaldofernandes.com\/index.php\/news\/deputado-ubaldo-articula-solucao-junto-ao-detran-para-garantir-sinalizacao-e-seguranca-na-frente-do-ifrn-de-sao-paulo-do-potengi\/\"]}]},{\"@type\":\"ImageObject\",\"inLanguage\":\"pt-BR\",\"@id\":\"https:\/\/ubaldofernandes.com\/index.php\/news\/deputado-ubaldo-articula-solucao-junto-ao-detran-para-garantir-sinalizacao-e-seguranca-na-frente-do-ifrn-de-sao-paulo-do-potengi\/#primaryimage\",\"url\":\"https:\/\/ubaldofernandes.com\/wp-content\/uploads\/2025\/07\/WhatsApp-Image-2025-07-21-at-09.56.52-scaled.jpeg\",\"contentUrl\":\"https:\/\/ubaldofernandes.com\/wp-content\/uploads\/2025\/07\/WhatsApp-Image-2025-07-21-at-09.56.52-scaled.jpeg\",\"width\":1920,\"height\":2560},{\"@type\":\"BreadcrumbList\",\"@id\":\"https:\/\/ubaldofernandes.com\/index.php\/news\/deputado-ubaldo-articula-solucao-junto-ao-detran-para-garantir-sinalizacao-e-seguranca-na-frente-do-ifrn-de-sao-paulo-do-potengi\/#breadcrumb\",\"itemListElement\":[{\"@type\":\"ListItem\",\"position\":1,\"name\":\"In\u00edcio\",\"item\":\"https:\/\/ubaldofernandes.com\/\"},{\"@type\":\"ListItem\",\"position\":2,\"name\":\"Not\u00edcias\",\"item\":\"https:\/\/ubaldofernandes.com\/index.php\/news\/\"},{\"@type\":\"ListItem\",\"position\":3,\"name\":\"Deputado Ubaldo articula solu\u00e7\u00e3o junto ao Detran para garantir sinaliza\u00e7\u00e3o e seguran\u00e7a na frente do IFRN de S\u00e3o Paulo do Potengi\"}]},{\"@type\":\"WebSite\",\"@id\":\"https:\/\/ubaldofernandes.com\/#website\",\"url\":\"https:\/\/ubaldofernandes.com\/\",\"name\":\"Ubaldo Fernandes\",\"description\":\"Deputado Estadual\",\"potentialAction\":[{\"@type\":\"SearchAction\",\"target\":{\"@type\":\"EntryPoint\",\"urlTemplate\":\"https:\/\/ubaldofernandes.com\/?s={search_term_string}\"},\"query-input\":{\"@type\":\"PropertyValueSpecification\",\"valueRequired\":true,\"valueName\":\"search_term_string\"}}],\"inLanguage\":\"pt-BR\"}]}<\/script>\n<!-- \/ Yoast SEO plugin. -->","yoast_head_json":{"title":"Deputado Ubaldo articula solu\u00e7\u00e3o junto ao Detran para garantir sinaliza\u00e7\u00e3o e seguran\u00e7a na frente do IFRN de S\u00e3o Paulo do Potengi - Ubaldo Fernandes","robots":{"index":"index","follow":"follow","max-snippet":"max-snippet:-1","max-image-preview":"max-image-preview:large","max-video-preview":"max-video-preview:-1"},"canonical":"https:\/\/ubaldofernandes.com\/index.php\/news\/deputado-ubaldo-articula-solucao-junto-ao-detran-para-garantir-sinalizacao-e-seguranca-na-frente-do-ifrn-de-sao-paulo-do-potengi\/","og_locale":"pt_BR","og_type":"article","og_title":"Deputado Ubaldo articula solu\u00e7\u00e3o junto ao Detran para garantir sinaliza\u00e7\u00e3o e seguran\u00e7a na frente do IFRN de S\u00e3o Paulo do Potengi - Ubaldo Fernandes","og_description":"Na manh\u00e3 desta segunda-feira (21), o deputado estadual Ubaldo Fernandes articulou uma importante reuni\u00e3o no Departamento Estadual de Tr\u00e2nsito do Rio Grande do Norte (Detran RN), com o objetivo de buscar solu\u00e7\u00f5es para a falta de sinaliza\u00e7\u00e3o em frente ao IFRN Campus S\u00e3o Paulo do Potengi, localizado \u00e0s margens da RN-120. Atendendo \u00e0 demanda encaminhada [&hellip;]","og_url":"https:\/\/ubaldofernandes.com\/index.php\/news\/deputado-ubaldo-articula-solucao-junto-ao-detran-para-garantir-sinalizacao-e-seguranca-na-frente-do-ifrn-de-sao-paulo-do-potengi\/","og_site_name":"Ubaldo Fernandes","article_modified_time":"2025-07-22T16:27:39+00:00","og_image":[{"width":1920,"height":2560,"url":"https:\/\/ubaldofernandes.com\/wp-content\/uploads\/2025\/07\/WhatsApp-Image-2025-07-21-at-09.56.52-scaled.jpeg","type":"image\/jpeg"}],"twitter_card":"summary_large_image","twitter_misc":{"Est. tempo de leitura":"3 minutos"},"schema":{"@context":"https:\/\/schema.org","@graph":[{"@type":"WebPage","@id":"https:\/\/ubaldofernandes.com\/index.php\/news\/deputado-ubaldo-articula-solucao-junto-ao-detran-para-garantir-sinalizacao-e-seguranca-na-frente-do-ifrn-de-sao-paulo-do-potengi\/","url":"https:\/\/ubaldofernandes.com\/index.php\/news\/deputado-ubaldo-articula-solucao-junto-ao-detran-para-garantir-sinalizacao-e-seguranca-na-frente-do-ifrn-de-sao-paulo-do-potengi\/","name":"Deputado Ubaldo articula solu\u00e7\u00e3o junto ao Detran para garantir sinaliza\u00e7\u00e3o e seguran\u00e7a na frente do IFRN de S\u00e3o Paulo do Potengi - Ubaldo Fernandes","isPartOf":{"@id":"https:\/\/ubaldofernandes.com\/#website"},"primaryImageOfPage":{"@id":"https:\/\/ubaldofernandes.com\/index.php\/news\/deputado-ubaldo-articula-solucao-junto-ao-detran-para-garantir-sinalizacao-e-seguranca-na-frente-do-ifrn-de-sao-paulo-do-potengi\/#primaryimage"},"image":{"@id":"https:\/\/ubaldofernandes.com\/index.php\/news\/deputado-ubaldo-articula-solucao-junto-ao-detran-para-garantir-sinalizacao-e-seguranca-na-frente-do-ifrn-de-sao-paulo-do-potengi\/#primaryimage"},"thumbnailUrl":"https:\/\/ubaldofernandes.com\/wp-content\/uploads\/2025\/07\/WhatsApp-Image-2025-07-21-at-09.56.52-scaled.jpeg","datePublished":"2025-07-22T16:27:37+00:00","dateModified":"2025-07-22T16:27:39+00:00","breadcrumb":{"@id":"https:\/\/ubaldofernandes.com\/index.php\/news\/deputado-ubaldo-articula-solucao-junto-ao-detran-para-garantir-sinalizacao-e-seguranca-na-frente-do-ifrn-de-sao-paulo-do-potengi\/#breadcrumb"},"inLanguage":"pt-BR","potentialAction":[{"@type":"ReadAction","target":["https:\/\/ubaldofernandes.com\/index.php\/news\/deputado-ubaldo-articula-solucao-junto-ao-detran-para-garantir-sinalizacao-e-seguranca-na-frente-do-ifrn-de-sao-paulo-do-potengi\/"]}]},{"@type":"ImageObject","inLanguage":"pt-BR","@id":"https:\/\/ubaldofernandes.com\/index.php\/news\/deputado-ubaldo-articula-solucao-junto-ao-detran-para-garantir-sinalizacao-e-seguranca-na-frente-do-ifrn-de-sao-paulo-do-potengi\/#primaryimage","url":"https:\/\/ubaldofernandes.com\/wp-content\/uploads\/2025\/07\/WhatsApp-Image-2025-07-21-at-09.56.52-scaled.jpeg","contentUrl":"https:\/\/ubaldofernandes.com\/wp-content\/uploads\/2025\/07\/WhatsApp-Image-2025-07-21-at-09.56.52-scaled.jpeg","width":1920,"height":2560},{"@type":"BreadcrumbList","@id":"https:\/\/ubaldofernandes.com\/index.php\/news\/deputado-ubaldo-articula-solucao-junto-ao-detran-para-garantir-sinalizacao-e-seguranca-na-frente-do-ifrn-de-sao-paulo-do-potengi\/#breadcrumb","itemListElement":[{"@type":"ListItem","position":1,"name":"In\u00edcio","item":"https:\/\/ubaldofernandes.com\/"},{"@type":"ListItem","position":2,"name":"Not\u00edcias","item":"https:\/\/ubaldofernandes.com\/index.php\/news\/"},{"@type":"ListItem","position":3,"name":"Deputado Ubaldo articula solu\u00e7\u00e3o junto ao Detran para garantir sinaliza\u00e7\u00e3o e seguran\u00e7a na frente do IFRN de S\u00e3o Paulo do Potengi"}]},{"@type":"WebSite","@id":"https:\/\/ubaldofernandes.com\/#website","url":"https:\/\/ubaldofernandes.com\/","name":"Ubaldo Fernandes","description":"Deputado Estadual","potentialAction":[{"@type":"SearchAction","target":{"@type":"EntryPoint","urlTemplate":"https:\/\/ubaldofernandes.com\/?s={search_term_string}"},"query-input":{"@type":"PropertyValueSpecification","valueRequired":true,"valueName":"search_term_string"}}],"inLanguage":"pt-BR"}]}},"_links":{"self":[{"href":"https:\/\/ubaldofernandes.com\/index.php\/wp-json\/wp\/v2\/news\/7921","targetHints":{"allow":["GET"]}}],"collection":[{"href":"https:\/\/ubaldofernandes.com\/index.php\/wp-json\/wp\/v2\/news"}],"about":[{"href":"https:\/\/ubaldofernandes.com\/index.php\/wp-json\/wp\/v2\/types\/news"}],"wp:featuredmedia":[{"embeddable":true,"href":"https:\/\/ubaldofernandes.com\/index.php\/wp-json\/wp\/v2\/media\/7924"}],"wp:attachment":[{"href":"https:\/\/ubaldofernandes.com\/index.php\/wp-json\/wp\/v2\/media?parent=7921"}],"curies":[{"name":"wp","href":"https:\/\/api.w.org\/{rel}","templated":true}]}}