{"id":7928,"date":"2025-07-22T15:51:56","date_gmt":"2025-07-22T18:51:56","guid":{"rendered":"https:\/\/ubaldofernandes.com\/?post_type=news&#038;p=7928"},"modified":"2025-07-22T15:51:57","modified_gmt":"2025-07-22T18:51:57","slug":"reuniao-na-fundacao-jose-augusto-reforca-apoio-a-realizacao-da-digicom-2025-em-natal","status":"publish","type":"news","link":"https:\/\/ubaldofernandes.com\/index.php\/news\/reuniao-na-fundacao-jose-augusto-reforca-apoio-a-realizacao-da-digicom-2025-em-natal\/","title":{"rendered":"Reuni\u00e3o na Funda\u00e7\u00e3o Jos\u00e9 Augusto refor\u00e7a apoio \u00e0 realiza\u00e7\u00e3o da DIGICOM 2025 em Natal"},"content":{"rendered":"\n<p>O deputado estadual Ubaldo Fernandes participou, nesta segunda-feira (22), de uma importante reuni\u00e3o na sede da Funda\u00e7\u00e3o Jos\u00e9 Augusto (FJA) para tratar da realiza\u00e7\u00e3o da DIGICOM 2025, evento de cultura digital e jogos eletr\u00f4nicos que est\u00e1 previsto para acontecer em outubro, no Teatro Riachuelo, em Natal.<\/p>\n\n\n\n<p>O encontro contou com a presen\u00e7a do presidente da FJA, Gilson Matias, do chefe de gabinete, Jos\u00e9 Donizete, e da presidente da Federa\u00e7\u00e3o de Jogos Eletr\u00f4nicos do Rio Grande do Norte, T\u00e1bata Diniz. Na ocasi\u00e3o, foram discutidos os detalhes da estrutura e apoio institucional para viabilizar o evento, que j\u00e1 se consolida como uma das maiores iniciativas do segmento no estado.<\/p>\n\n\n\n<p>A DIGICOM promete reunir entusiastas da tecnologia, games, cultura geek e empreendedorismo digital, atraindo um p\u00fablico diverso e movimentando a economia local. A expectativa \u00e9 de que o evento atinja propor\u00e7\u00f5es nacionais e reforce o protagonismo do Rio Grande do Norte no cen\u00e1rio gamer brasileiro<\/p>\n\n\n\n<figure class=\"wp-block-image size-large\"><img loading=\"lazy\" decoding=\"async\" width=\"1024\" height=\"576\" src=\"https:\/\/ubaldofernandes.com\/wp-content\/uploads\/2025\/07\/WhatsApp-Image-2025-07-22-at-14.37.14-1-1024x576.jpeg\" alt=\"\" class=\"wp-image-7930\" srcset=\"https:\/\/ubaldofernandes.com\/wp-content\/uploads\/2025\/07\/WhatsApp-Image-2025-07-22-at-14.37.14-1-1024x576.jpeg 1024w, https:\/\/ubaldofernandes.com\/wp-content\/uploads\/2025\/07\/WhatsApp-Image-2025-07-22-at-14.37.14-1-300x169.jpeg 300w, https:\/\/ubaldofernandes.com\/wp-content\/uploads\/2025\/07\/WhatsApp-Image-2025-07-22-at-14.37.14-1-768x432.jpeg 768w, https:\/\/ubaldofernandes.com\/wp-content\/uploads\/2025\/07\/WhatsApp-Image-2025-07-22-at-14.37.14-1-1536x864.jpeg 1536w, https:\/\/ubaldofernandes.com\/wp-content\/uploads\/2025\/07\/WhatsApp-Image-2025-07-22-at-14.37.14-1.jpeg 1600w\" sizes=\"auto, (max-width: 1024px) 100vw, 1024px\" \/><\/figure>\n","protected":false},"featured_media":7929,"parent":0,"template":"","class_list":["post-7928","news","type-news","status-publish","has-post-thumbnail","hentry"],"acf":[],"yoast_head":"<!-- This site is optimized with the Yoast SEO plugin v24.6 - https:\/\/yoast.com\/wordpress\/plugins\/seo\/ -->\n<title>Reuni\u00e3o na Funda\u00e7\u00e3o Jos\u00e9 Augusto refor\u00e7a apoio \u00e0 realiza\u00e7\u00e3o da DIGICOM 2025 em Natal - Ubaldo Fernandes<\/title>\n<meta name=\"robots\" content=\"index, follow, max-snippet:-1, max-image-preview:large, max-video-preview:-1\" \/>\n<link rel=\"canonical\" href=\"https:\/\/ubaldofernandes.com\/index.php\/news\/reuniao-na-fundacao-jose-augusto-reforca-apoio-a-realizacao-da-digicom-2025-em-natal\/\" \/>\n<meta property=\"og:locale\" content=\"pt_BR\" \/>\n<meta property=\"og:type\" content=\"article\" \/>\n<meta property=\"og:title\" content=\"Reuni\u00e3o na Funda\u00e7\u00e3o Jos\u00e9 Augusto refor\u00e7a apoio \u00e0 realiza\u00e7\u00e3o da DIGICOM 2025 em Natal - Ubaldo Fernandes\" \/>\n<meta property=\"og:description\" content=\"O deputado estadual Ubaldo Fernandes participou, nesta segunda-feira (22), de uma importante reuni\u00e3o na sede da Funda\u00e7\u00e3o Jos\u00e9 Augusto (FJA) para tratar da realiza\u00e7\u00e3o da DIGICOM 2025, evento de cultura digital e jogos eletr\u00f4nicos que est\u00e1 previsto para acontecer em outubro, no Teatro Riachuelo, em Natal. O encontro contou com a presen\u00e7a do presidente da [&hellip;]\" \/>\n<meta property=\"og:url\" content=\"https:\/\/ubaldofernandes.com\/index.php\/news\/reuniao-na-fundacao-jose-augusto-reforca-apoio-a-realizacao-da-digicom-2025-em-natal\/\" \/>\n<meta property=\"og:site_name\" content=\"Ubaldo Fernandes\" \/>\n<meta property=\"article:modified_time\" content=\"2025-07-22T18:51:57+00:00\" \/>\n<meta property=\"og:image\" content=\"https:\/\/ubaldofernandes.com\/wp-content\/uploads\/2025\/07\/WhatsApp-Image-2025-07-22-at-14.37.14.jpeg\" \/>\n\t<meta property=\"og:image:width\" content=\"1600\" \/>\n\t<meta property=\"og:image:height\" content=\"900\" \/>\n\t<meta property=\"og:image:type\" content=\"image\/jpeg\" \/>\n<meta name=\"twitter:card\" content=\"summary_large_image\" \/>\n<meta name=\"twitter:label1\" content=\"Est. tempo de leitura\" \/>\n\t<meta name=\"twitter:data1\" content=\"2 minutos\" \/>\n<script type=\"application\/ld+json\" class=\"yoast-schema-graph\">{\"@context\":\"https:\/\/schema.org\",\"@graph\":[{\"@type\":\"WebPage\",\"@id\":\"https:\/\/ubaldofernandes.com\/index.php\/news\/reuniao-na-fundacao-jose-augusto-reforca-apoio-a-realizacao-da-digicom-2025-em-natal\/\",\"url\":\"https:\/\/ubaldofernandes.com\/index.php\/news\/reuniao-na-fundacao-jose-augusto-reforca-apoio-a-realizacao-da-digicom-2025-em-natal\/\",\"name\":\"Reuni\u00e3o na Funda\u00e7\u00e3o Jos\u00e9 Augusto refor\u00e7a apoio \u00e0 realiza\u00e7\u00e3o da DIGICOM 2025 em Natal - Ubaldo Fernandes\",\"isPartOf\":{\"@id\":\"https:\/\/ubaldofernandes.com\/#website\"},\"primaryImageOfPage\":{\"@id\":\"https:\/\/ubaldofernandes.com\/index.php\/news\/reuniao-na-fundacao-jose-augusto-reforca-apoio-a-realizacao-da-digicom-2025-em-natal\/#primaryimage\"},\"image\":{\"@id\":\"https:\/\/ubaldofernandes.com\/index.php\/news\/reuniao-na-fundacao-jose-augusto-reforca-apoio-a-realizacao-da-digicom-2025-em-natal\/#primaryimage\"},\"thumbnailUrl\":\"https:\/\/ubaldofernandes.com\/wp-content\/uploads\/2025\/07\/WhatsApp-Image-2025-07-22-at-14.37.14.jpeg\",\"datePublished\":\"2025-07-22T18:51:56+00:00\",\"dateModified\":\"2025-07-22T18:51:57+00:00\",\"breadcrumb\":{\"@id\":\"https:\/\/ubaldofernandes.com\/index.php\/news\/reuniao-na-fundacao-jose-augusto-reforca-apoio-a-realizacao-da-digicom-2025-em-natal\/#breadcrumb\"},\"inLanguage\":\"pt-BR\",\"potentialAction\":[{\"@type\":\"ReadAction\",\"target\":[\"https:\/\/ubaldofernandes.com\/index.php\/news\/reuniao-na-fundacao-jose-augusto-reforca-apoio-a-realizacao-da-digicom-2025-em-natal\/\"]}]},{\"@type\":\"ImageObject\",\"inLanguage\":\"pt-BR\",\"@id\":\"https:\/\/ubaldofernandes.com\/index.php\/news\/reuniao-na-fundacao-jose-augusto-reforca-apoio-a-realizacao-da-digicom-2025-em-natal\/#primaryimage\",\"url\":\"https:\/\/ubaldofernandes.com\/wp-content\/uploads\/2025\/07\/WhatsApp-Image-2025-07-22-at-14.37.14.jpeg\",\"contentUrl\":\"https:\/\/ubaldofernandes.com\/wp-content\/uploads\/2025\/07\/WhatsApp-Image-2025-07-22-at-14.37.14.jpeg\",\"width\":1600,\"height\":900},{\"@type\":\"BreadcrumbList\",\"@id\":\"https:\/\/ubaldofernandes.com\/index.php\/news\/reuniao-na-fundacao-jose-augusto-reforca-apoio-a-realizacao-da-digicom-2025-em-natal\/#breadcrumb\",\"itemListElement\":[{\"@type\":\"ListItem\",\"position\":1,\"name\":\"In\u00edcio\",\"item\":\"https:\/\/ubaldofernandes.com\/\"},{\"@type\":\"ListItem\",\"position\":2,\"name\":\"Not\u00edcias\",\"item\":\"https:\/\/ubaldofernandes.com\/index.php\/news\/\"},{\"@type\":\"ListItem\",\"position\":3,\"name\":\"Reuni\u00e3o na Funda\u00e7\u00e3o Jos\u00e9 Augusto refor\u00e7a apoio \u00e0 realiza\u00e7\u00e3o da DIGICOM 2025 em Natal\"}]},{\"@type\":\"WebSite\",\"@id\":\"https:\/\/ubaldofernandes.com\/#website\",\"url\":\"https:\/\/ubaldofernandes.com\/\",\"name\":\"Ubaldo Fernandes\",\"description\":\"Deputado Estadual\",\"potentialAction\":[{\"@type\":\"SearchAction\",\"target\":{\"@type\":\"EntryPoint\",\"urlTemplate\":\"https:\/\/ubaldofernandes.com\/?s={search_term_string}\"},\"query-input\":{\"@type\":\"PropertyValueSpecification\",\"valueRequired\":true,\"valueName\":\"search_term_string\"}}],\"inLanguage\":\"pt-BR\"}]}<\/script>\n<!-- \/ Yoast SEO plugin. -->","yoast_head_json":{"title":"Reuni\u00e3o na Funda\u00e7\u00e3o Jos\u00e9 Augusto refor\u00e7a apoio \u00e0 realiza\u00e7\u00e3o da DIGICOM 2025 em Natal - Ubaldo Fernandes","robots":{"index":"index","follow":"follow","max-snippet":"max-snippet:-1","max-image-preview":"max-image-preview:large","max-video-preview":"max-video-preview:-1"},"canonical":"https:\/\/ubaldofernandes.com\/index.php\/news\/reuniao-na-fundacao-jose-augusto-reforca-apoio-a-realizacao-da-digicom-2025-em-natal\/","og_locale":"pt_BR","og_type":"article","og_title":"Reuni\u00e3o na Funda\u00e7\u00e3o Jos\u00e9 Augusto refor\u00e7a apoio \u00e0 realiza\u00e7\u00e3o da DIGICOM 2025 em Natal - Ubaldo Fernandes","og_description":"O deputado estadual Ubaldo Fernandes participou, nesta segunda-feira (22), de uma importante reuni\u00e3o na sede da Funda\u00e7\u00e3o Jos\u00e9 Augusto (FJA) para tratar da realiza\u00e7\u00e3o da DIGICOM 2025, evento de cultura digital e jogos eletr\u00f4nicos que est\u00e1 previsto para acontecer em outubro, no Teatro Riachuelo, em Natal. O encontro contou com a presen\u00e7a do presidente da [&hellip;]","og_url":"https:\/\/ubaldofernandes.com\/index.php\/news\/reuniao-na-fundacao-jose-augusto-reforca-apoio-a-realizacao-da-digicom-2025-em-natal\/","og_site_name":"Ubaldo Fernandes","article_modified_time":"2025-07-22T18:51:57+00:00","og_image":[{"width":1600,"height":900,"url":"https:\/\/ubaldofernandes.com\/wp-content\/uploads\/2025\/07\/WhatsApp-Image-2025-07-22-at-14.37.14.jpeg","type":"image\/jpeg"}],"twitter_card":"summary_large_image","twitter_misc":{"Est. tempo de leitura":"2 minutos"},"schema":{"@context":"https:\/\/schema.org","@graph":[{"@type":"WebPage","@id":"https:\/\/ubaldofernandes.com\/index.php\/news\/reuniao-na-fundacao-jose-augusto-reforca-apoio-a-realizacao-da-digicom-2025-em-natal\/","url":"https:\/\/ubaldofernandes.com\/index.php\/news\/reuniao-na-fundacao-jose-augusto-reforca-apoio-a-realizacao-da-digicom-2025-em-natal\/","name":"Reuni\u00e3o na Funda\u00e7\u00e3o Jos\u00e9 Augusto refor\u00e7a apoio \u00e0 realiza\u00e7\u00e3o da DIGICOM 2025 em Natal - Ubaldo Fernandes","isPartOf":{"@id":"https:\/\/ubaldofernandes.com\/#website"},"primaryImageOfPage":{"@id":"https:\/\/ubaldofernandes.com\/index.php\/news\/reuniao-na-fundacao-jose-augusto-reforca-apoio-a-realizacao-da-digicom-2025-em-natal\/#primaryimage"},"image":{"@id":"https:\/\/ubaldofernandes.com\/index.php\/news\/reuniao-na-fundacao-jose-augusto-reforca-apoio-a-realizacao-da-digicom-2025-em-natal\/#primaryimage"},"thumbnailUrl":"https:\/\/ubaldofernandes.com\/wp-content\/uploads\/2025\/07\/WhatsApp-Image-2025-07-22-at-14.37.14.jpeg","datePublished":"2025-07-22T18:51:56+00:00","dateModified":"2025-07-22T18:51:57+00:00","breadcrumb":{"@id":"https:\/\/ubaldofernandes.com\/index.php\/news\/reuniao-na-fundacao-jose-augusto-reforca-apoio-a-realizacao-da-digicom-2025-em-natal\/#breadcrumb"},"inLanguage":"pt-BR","potentialAction":[{"@type":"ReadAction","target":["https:\/\/ubaldofernandes.com\/index.php\/news\/reuniao-na-fundacao-jose-augusto-reforca-apoio-a-realizacao-da-digicom-2025-em-natal\/"]}]},{"@type":"ImageObject","inLanguage":"pt-BR","@id":"https:\/\/ubaldofernandes.com\/index.php\/news\/reuniao-na-fundacao-jose-augusto-reforca-apoio-a-realizacao-da-digicom-2025-em-natal\/#primaryimage","url":"https:\/\/ubaldofernandes.com\/wp-content\/uploads\/2025\/07\/WhatsApp-Image-2025-07-22-at-14.37.14.jpeg","contentUrl":"https:\/\/ubaldofernandes.com\/wp-content\/uploads\/2025\/07\/WhatsApp-Image-2025-07-22-at-14.37.14.jpeg","width":1600,"height":900},{"@type":"BreadcrumbList","@id":"https:\/\/ubaldofernandes.com\/index.php\/news\/reuniao-na-fundacao-jose-augusto-reforca-apoio-a-realizacao-da-digicom-2025-em-natal\/#breadcrumb","itemListElement":[{"@type":"ListItem","position":1,"name":"In\u00edcio","item":"https:\/\/ubaldofernandes.com\/"},{"@type":"ListItem","position":2,"name":"Not\u00edcias","item":"https:\/\/ubaldofernandes.com\/index.php\/news\/"},{"@type":"ListItem","position":3,"name":"Reuni\u00e3o na Funda\u00e7\u00e3o Jos\u00e9 Augusto refor\u00e7a apoio \u00e0 realiza\u00e7\u00e3o da DIGICOM 2025 em Natal"}]},{"@type":"WebSite","@id":"https:\/\/ubaldofernandes.com\/#website","url":"https:\/\/ubaldofernandes.com\/","name":"Ubaldo Fernandes","description":"Deputado Estadual","potentialAction":[{"@type":"SearchAction","target":{"@type":"EntryPoint","urlTemplate":"https:\/\/ubaldofernandes.com\/?s={search_term_string}"},"query-input":{"@type":"PropertyValueSpecification","valueRequired":true,"valueName":"search_term_string"}}],"inLanguage":"pt-BR"}]}},"_links":{"self":[{"href":"https:\/\/ubaldofernandes.com\/index.php\/wp-json\/wp\/v2\/news\/7928","targetHints":{"allow":["GET"]}}],"collection":[{"href":"https:\/\/ubaldofernandes.com\/index.php\/wp-json\/wp\/v2\/news"}],"about":[{"href":"https:\/\/ubaldofernandes.com\/index.php\/wp-json\/wp\/v2\/types\/news"}],"wp:featuredmedia":[{"embeddable":true,"href":"https:\/\/ubaldofernandes.com\/index.php\/wp-json\/wp\/v2\/media\/7929"}],"wp:attachment":[{"href":"https:\/\/ubaldofernandes.com\/index.php\/wp-json\/wp\/v2\/media?parent=7928"}],"curies":[{"name":"wp","href":"https:\/\/api.w.org\/{rel}","templated":true}]}}