{"id":7948,"date":"2025-08-07T15:03:15","date_gmt":"2025-08-07T18:03:15","guid":{"rendered":"https:\/\/ubaldofernandes.com\/?post_type=news&#038;p=7948"},"modified":"2025-08-07T15:03:16","modified_gmt":"2025-08-07T18:03:16","slug":"sancionada-lei-de-autoria-de-ubaldo-que-cria-politica-estadual-de-prevencao-e-conscientizacao-sobre-varizes","status":"publish","type":"news","link":"https:\/\/ubaldofernandes.com\/index.php\/news\/sancionada-lei-de-autoria-de-ubaldo-que-cria-politica-estadual-de-prevencao-e-conscientizacao-sobre-varizes\/","title":{"rendered":"Sancionada lei de autoria de Ubaldo que cria Pol\u00edtica Estadual de Preven\u00e7\u00e3o e Conscientiza\u00e7\u00e3o sobre Varizes"},"content":{"rendered":"\n<p>Foi sancionada pela Governadora do Estado e publicada no Di\u00e1rio Oficial do Rio Grande do Norte desta quinta-feira (07), a Lei n\u00ba 12.372\/2025, de autoria do deputado estadual Ubaldo Fernandes, que institui a Pol\u00edtica Estadual de Preven\u00e7\u00e3o, Conscientiza\u00e7\u00e3o e Orienta\u00e7\u00e3o sobre Varizes. A nova legisla\u00e7\u00e3o tem como objetivo promover a\u00e7\u00f5es de educa\u00e7\u00e3o em sa\u00fade, ampliar o acesso da popula\u00e7\u00e3o a informa\u00e7\u00f5es sobre preven\u00e7\u00e3o e tratamento, e contribuir para a redu\u00e7\u00e3o das complica\u00e7\u00f5es causadas por essa doen\u00e7a vascular que atinge uma parcela significativa da popula\u00e7\u00e3o potiguar.<\/p>\n\n\n\n<p>Segundo o deputado Ubaldo Fernandes, a cria\u00e7\u00e3o dessa pol\u00edtica p\u00fablica se justifica pela necessidade urgente de abordar um problema de sa\u00fade que impacta diretamente a qualidade de vida das pessoas. \u201cAs varizes, al\u00e9m de serem uma condi\u00e7\u00e3o comum, podem evoluir para quadros graves, como trombose venosa profunda e \u00falceras venosas. \u00c9 fundamental que a popula\u00e7\u00e3o tenha acesso \u00e0 informa\u00e7\u00e3o, diagn\u00f3stico precoce e tratamento adequado\u201d, justificou o parlamentar.<\/p>\n\n\n\n<p>A pol\u00edtica compreende a realiza\u00e7\u00e3o de campanhas educativas, com distribui\u00e7\u00e3o de material informativo sobre sintomas, fatores de risco, formas de preven\u00e7\u00e3o e tratamentos dispon\u00edveis. Tamb\u00e9m prev\u00ea a implanta\u00e7\u00e3o de um sistema de dados sobre os casos registrados no estado, com o objetivo de orientar pesquisas e pol\u00edticas p\u00fablicas mais eficientes.<\/p>\n\n\n\n<p>Outra importante medida estabelecida \u00e9 a garantia, por parte do Poder P\u00fablico, do acesso a tratamentos cab\u00edveis, inclusive o tratamento por radiofrequ\u00eancia para casos de insufici\u00eancia vascular, por meio do SUS, quando houver indica\u00e7\u00e3o m\u00e9dica.<\/p>\n\n\n\n<p>A Secretaria Estadual da Sa\u00fade P\u00fablica ser\u00e1 respons\u00e1vel por coordenar as a\u00e7\u00f5es previstas na lei, podendo firmar parcerias com entidades p\u00fablicas e privadas para ampliar o alcance e a efetividade das medidas. A nova pol\u00edtica visa ainda estimular h\u00e1bitos saud\u00e1veis, como a pr\u00e1tica regular de atividades f\u00edsicas e o uso de roupas adequadas, fatores que contribuem para a preven\u00e7\u00e3o do surgimento de varizes.<\/p>\n\n\n\n<p>Para Ubaldo Fernandes, a implementa\u00e7\u00e3o dessa pol\u00edtica representa um avan\u00e7o significativo na promo\u00e7\u00e3o da sa\u00fade e no cuidado com a popula\u00e7\u00e3o. \u201cA proposta tem como base o compromisso com a sa\u00fade p\u00fablica. A falta de informa\u00e7\u00e3o sobre a doen\u00e7a e suas consequ\u00eancias agrava o problema e aumenta a demanda por tratamento. Com essa pol\u00edtica, o Estado assume um papel ativo na preven\u00e7\u00e3o e no cuidado com os pacientes, promovendo mais dignidade e qualidade de vida para os Norte-rio-grandenses\u201d, destacou o deputado.<\/p>\n","protected":false},"featured_media":7949,"parent":0,"template":"","class_list":["post-7948","news","type-news","status-publish","has-post-thumbnail","hentry"],"acf":[],"yoast_head":"<!-- This site is optimized with the Yoast SEO plugin v24.6 - https:\/\/yoast.com\/wordpress\/plugins\/seo\/ -->\n<title>Sancionada lei de autoria de Ubaldo que cria Pol\u00edtica Estadual de Preven\u00e7\u00e3o e Conscientiza\u00e7\u00e3o sobre Varizes - Ubaldo Fernandes<\/title>\n<meta name=\"robots\" content=\"index, follow, max-snippet:-1, max-image-preview:large, max-video-preview:-1\" \/>\n<link rel=\"canonical\" href=\"https:\/\/ubaldofernandes.com\/index.php\/news\/sancionada-lei-de-autoria-de-ubaldo-que-cria-politica-estadual-de-prevencao-e-conscientizacao-sobre-varizes\/\" \/>\n<meta property=\"og:locale\" content=\"pt_BR\" \/>\n<meta property=\"og:type\" content=\"article\" \/>\n<meta property=\"og:title\" content=\"Sancionada lei de autoria de Ubaldo que cria Pol\u00edtica Estadual de Preven\u00e7\u00e3o e Conscientiza\u00e7\u00e3o sobre Varizes - Ubaldo Fernandes\" \/>\n<meta property=\"og:description\" content=\"Foi sancionada pela Governadora do Estado e publicada no Di\u00e1rio Oficial do Rio Grande do Norte desta quinta-feira (07), a Lei n\u00ba 12.372\/2025, de autoria do deputado estadual Ubaldo Fernandes, que institui a Pol\u00edtica Estadual de Preven\u00e7\u00e3o, Conscientiza\u00e7\u00e3o e Orienta\u00e7\u00e3o sobre Varizes. A nova legisla\u00e7\u00e3o tem como objetivo promover a\u00e7\u00f5es de educa\u00e7\u00e3o em sa\u00fade, ampliar [&hellip;]\" \/>\n<meta property=\"og:url\" content=\"https:\/\/ubaldofernandes.com\/index.php\/news\/sancionada-lei-de-autoria-de-ubaldo-que-cria-politica-estadual-de-prevencao-e-conscientizacao-sobre-varizes\/\" \/>\n<meta property=\"og:site_name\" content=\"Ubaldo Fernandes\" \/>\n<meta property=\"article:modified_time\" content=\"2025-08-07T18:03:16+00:00\" \/>\n<meta property=\"og:image\" content=\"https:\/\/ubaldofernandes.com\/wp-content\/uploads\/2025\/08\/WhatsApp-Image-2025-08-07-at-12.40.12-scaled.jpeg\" \/>\n\t<meta property=\"og:image:width\" content=\"2560\" \/>\n\t<meta property=\"og:image:height\" content=\"1707\" \/>\n\t<meta property=\"og:image:type\" content=\"image\/jpeg\" \/>\n<meta name=\"twitter:card\" content=\"summary_large_image\" \/>\n<meta name=\"twitter:label1\" content=\"Est. tempo de leitura\" \/>\n\t<meta name=\"twitter:data1\" content=\"3 minutos\" \/>\n<script type=\"application\/ld+json\" class=\"yoast-schema-graph\">{\"@context\":\"https:\/\/schema.org\",\"@graph\":[{\"@type\":\"WebPage\",\"@id\":\"https:\/\/ubaldofernandes.com\/index.php\/news\/sancionada-lei-de-autoria-de-ubaldo-que-cria-politica-estadual-de-prevencao-e-conscientizacao-sobre-varizes\/\",\"url\":\"https:\/\/ubaldofernandes.com\/index.php\/news\/sancionada-lei-de-autoria-de-ubaldo-que-cria-politica-estadual-de-prevencao-e-conscientizacao-sobre-varizes\/\",\"name\":\"Sancionada lei de autoria de Ubaldo que cria Pol\u00edtica Estadual de Preven\u00e7\u00e3o e Conscientiza\u00e7\u00e3o sobre Varizes - Ubaldo Fernandes\",\"isPartOf\":{\"@id\":\"https:\/\/ubaldofernandes.com\/#website\"},\"primaryImageOfPage\":{\"@id\":\"https:\/\/ubaldofernandes.com\/index.php\/news\/sancionada-lei-de-autoria-de-ubaldo-que-cria-politica-estadual-de-prevencao-e-conscientizacao-sobre-varizes\/#primaryimage\"},\"image\":{\"@id\":\"https:\/\/ubaldofernandes.com\/index.php\/news\/sancionada-lei-de-autoria-de-ubaldo-que-cria-politica-estadual-de-prevencao-e-conscientizacao-sobre-varizes\/#primaryimage\"},\"thumbnailUrl\":\"https:\/\/ubaldofernandes.com\/wp-content\/uploads\/2025\/08\/WhatsApp-Image-2025-08-07-at-12.40.12-scaled.jpeg\",\"datePublished\":\"2025-08-07T18:03:15+00:00\",\"dateModified\":\"2025-08-07T18:03:16+00:00\",\"breadcrumb\":{\"@id\":\"https:\/\/ubaldofernandes.com\/index.php\/news\/sancionada-lei-de-autoria-de-ubaldo-que-cria-politica-estadual-de-prevencao-e-conscientizacao-sobre-varizes\/#breadcrumb\"},\"inLanguage\":\"pt-BR\",\"potentialAction\":[{\"@type\":\"ReadAction\",\"target\":[\"https:\/\/ubaldofernandes.com\/index.php\/news\/sancionada-lei-de-autoria-de-ubaldo-que-cria-politica-estadual-de-prevencao-e-conscientizacao-sobre-varizes\/\"]}]},{\"@type\":\"ImageObject\",\"inLanguage\":\"pt-BR\",\"@id\":\"https:\/\/ubaldofernandes.com\/index.php\/news\/sancionada-lei-de-autoria-de-ubaldo-que-cria-politica-estadual-de-prevencao-e-conscientizacao-sobre-varizes\/#primaryimage\",\"url\":\"https:\/\/ubaldofernandes.com\/wp-content\/uploads\/2025\/08\/WhatsApp-Image-2025-08-07-at-12.40.12-scaled.jpeg\",\"contentUrl\":\"https:\/\/ubaldofernandes.com\/wp-content\/uploads\/2025\/08\/WhatsApp-Image-2025-08-07-at-12.40.12-scaled.jpeg\",\"width\":2560,\"height\":1707},{\"@type\":\"BreadcrumbList\",\"@id\":\"https:\/\/ubaldofernandes.com\/index.php\/news\/sancionada-lei-de-autoria-de-ubaldo-que-cria-politica-estadual-de-prevencao-e-conscientizacao-sobre-varizes\/#breadcrumb\",\"itemListElement\":[{\"@type\":\"ListItem\",\"position\":1,\"name\":\"In\u00edcio\",\"item\":\"https:\/\/ubaldofernandes.com\/\"},{\"@type\":\"ListItem\",\"position\":2,\"name\":\"Not\u00edcias\",\"item\":\"https:\/\/ubaldofernandes.com\/index.php\/news\/\"},{\"@type\":\"ListItem\",\"position\":3,\"name\":\"Sancionada lei de autoria de Ubaldo que cria Pol\u00edtica Estadual de Preven\u00e7\u00e3o e Conscientiza\u00e7\u00e3o sobre Varizes\"}]},{\"@type\":\"WebSite\",\"@id\":\"https:\/\/ubaldofernandes.com\/#website\",\"url\":\"https:\/\/ubaldofernandes.com\/\",\"name\":\"Ubaldo Fernandes\",\"description\":\"Deputado Estadual\",\"potentialAction\":[{\"@type\":\"SearchAction\",\"target\":{\"@type\":\"EntryPoint\",\"urlTemplate\":\"https:\/\/ubaldofernandes.com\/?s={search_term_string}\"},\"query-input\":{\"@type\":\"PropertyValueSpecification\",\"valueRequired\":true,\"valueName\":\"search_term_string\"}}],\"inLanguage\":\"pt-BR\"}]}<\/script>\n<!-- \/ Yoast SEO plugin. -->","yoast_head_json":{"title":"Sancionada lei de autoria de Ubaldo que cria Pol\u00edtica Estadual de Preven\u00e7\u00e3o e Conscientiza\u00e7\u00e3o sobre Varizes - Ubaldo Fernandes","robots":{"index":"index","follow":"follow","max-snippet":"max-snippet:-1","max-image-preview":"max-image-preview:large","max-video-preview":"max-video-preview:-1"},"canonical":"https:\/\/ubaldofernandes.com\/index.php\/news\/sancionada-lei-de-autoria-de-ubaldo-que-cria-politica-estadual-de-prevencao-e-conscientizacao-sobre-varizes\/","og_locale":"pt_BR","og_type":"article","og_title":"Sancionada lei de autoria de Ubaldo que cria Pol\u00edtica Estadual de Preven\u00e7\u00e3o e Conscientiza\u00e7\u00e3o sobre Varizes - Ubaldo Fernandes","og_description":"Foi sancionada pela Governadora do Estado e publicada no Di\u00e1rio Oficial do Rio Grande do Norte desta quinta-feira (07), a Lei n\u00ba 12.372\/2025, de autoria do deputado estadual Ubaldo Fernandes, que institui a Pol\u00edtica Estadual de Preven\u00e7\u00e3o, Conscientiza\u00e7\u00e3o e Orienta\u00e7\u00e3o sobre Varizes. A nova legisla\u00e7\u00e3o tem como objetivo promover a\u00e7\u00f5es de educa\u00e7\u00e3o em sa\u00fade, ampliar [&hellip;]","og_url":"https:\/\/ubaldofernandes.com\/index.php\/news\/sancionada-lei-de-autoria-de-ubaldo-que-cria-politica-estadual-de-prevencao-e-conscientizacao-sobre-varizes\/","og_site_name":"Ubaldo Fernandes","article_modified_time":"2025-08-07T18:03:16+00:00","og_image":[{"width":2560,"height":1707,"url":"https:\/\/ubaldofernandes.com\/wp-content\/uploads\/2025\/08\/WhatsApp-Image-2025-08-07-at-12.40.12-scaled.jpeg","type":"image\/jpeg"}],"twitter_card":"summary_large_image","twitter_misc":{"Est. tempo de leitura":"3 minutos"},"schema":{"@context":"https:\/\/schema.org","@graph":[{"@type":"WebPage","@id":"https:\/\/ubaldofernandes.com\/index.php\/news\/sancionada-lei-de-autoria-de-ubaldo-que-cria-politica-estadual-de-prevencao-e-conscientizacao-sobre-varizes\/","url":"https:\/\/ubaldofernandes.com\/index.php\/news\/sancionada-lei-de-autoria-de-ubaldo-que-cria-politica-estadual-de-prevencao-e-conscientizacao-sobre-varizes\/","name":"Sancionada lei de autoria de Ubaldo que cria Pol\u00edtica Estadual de Preven\u00e7\u00e3o e Conscientiza\u00e7\u00e3o sobre Varizes - Ubaldo Fernandes","isPartOf":{"@id":"https:\/\/ubaldofernandes.com\/#website"},"primaryImageOfPage":{"@id":"https:\/\/ubaldofernandes.com\/index.php\/news\/sancionada-lei-de-autoria-de-ubaldo-que-cria-politica-estadual-de-prevencao-e-conscientizacao-sobre-varizes\/#primaryimage"},"image":{"@id":"https:\/\/ubaldofernandes.com\/index.php\/news\/sancionada-lei-de-autoria-de-ubaldo-que-cria-politica-estadual-de-prevencao-e-conscientizacao-sobre-varizes\/#primaryimage"},"thumbnailUrl":"https:\/\/ubaldofernandes.com\/wp-content\/uploads\/2025\/08\/WhatsApp-Image-2025-08-07-at-12.40.12-scaled.jpeg","datePublished":"2025-08-07T18:03:15+00:00","dateModified":"2025-08-07T18:03:16+00:00","breadcrumb":{"@id":"https:\/\/ubaldofernandes.com\/index.php\/news\/sancionada-lei-de-autoria-de-ubaldo-que-cria-politica-estadual-de-prevencao-e-conscientizacao-sobre-varizes\/#breadcrumb"},"inLanguage":"pt-BR","potentialAction":[{"@type":"ReadAction","target":["https:\/\/ubaldofernandes.com\/index.php\/news\/sancionada-lei-de-autoria-de-ubaldo-que-cria-politica-estadual-de-prevencao-e-conscientizacao-sobre-varizes\/"]}]},{"@type":"ImageObject","inLanguage":"pt-BR","@id":"https:\/\/ubaldofernandes.com\/index.php\/news\/sancionada-lei-de-autoria-de-ubaldo-que-cria-politica-estadual-de-prevencao-e-conscientizacao-sobre-varizes\/#primaryimage","url":"https:\/\/ubaldofernandes.com\/wp-content\/uploads\/2025\/08\/WhatsApp-Image-2025-08-07-at-12.40.12-scaled.jpeg","contentUrl":"https:\/\/ubaldofernandes.com\/wp-content\/uploads\/2025\/08\/WhatsApp-Image-2025-08-07-at-12.40.12-scaled.jpeg","width":2560,"height":1707},{"@type":"BreadcrumbList","@id":"https:\/\/ubaldofernandes.com\/index.php\/news\/sancionada-lei-de-autoria-de-ubaldo-que-cria-politica-estadual-de-prevencao-e-conscientizacao-sobre-varizes\/#breadcrumb","itemListElement":[{"@type":"ListItem","position":1,"name":"In\u00edcio","item":"https:\/\/ubaldofernandes.com\/"},{"@type":"ListItem","position":2,"name":"Not\u00edcias","item":"https:\/\/ubaldofernandes.com\/index.php\/news\/"},{"@type":"ListItem","position":3,"name":"Sancionada lei de autoria de Ubaldo que cria Pol\u00edtica Estadual de Preven\u00e7\u00e3o e Conscientiza\u00e7\u00e3o sobre Varizes"}]},{"@type":"WebSite","@id":"https:\/\/ubaldofernandes.com\/#website","url":"https:\/\/ubaldofernandes.com\/","name":"Ubaldo Fernandes","description":"Deputado Estadual","potentialAction":[{"@type":"SearchAction","target":{"@type":"EntryPoint","urlTemplate":"https:\/\/ubaldofernandes.com\/?s={search_term_string}"},"query-input":{"@type":"PropertyValueSpecification","valueRequired":true,"valueName":"search_term_string"}}],"inLanguage":"pt-BR"}]}},"_links":{"self":[{"href":"https:\/\/ubaldofernandes.com\/index.php\/wp-json\/wp\/v2\/news\/7948","targetHints":{"allow":["GET"]}}],"collection":[{"href":"https:\/\/ubaldofernandes.com\/index.php\/wp-json\/wp\/v2\/news"}],"about":[{"href":"https:\/\/ubaldofernandes.com\/index.php\/wp-json\/wp\/v2\/types\/news"}],"wp:featuredmedia":[{"embeddable":true,"href":"https:\/\/ubaldofernandes.com\/index.php\/wp-json\/wp\/v2\/media\/7949"}],"wp:attachment":[{"href":"https:\/\/ubaldofernandes.com\/index.php\/wp-json\/wp\/v2\/media?parent=7948"}],"curies":[{"name":"wp","href":"https:\/\/api.w.org\/{rel}","templated":true}]}}