{"id":7951,"date":"2025-08-12T14:03:05","date_gmt":"2025-08-12T17:03:05","guid":{"rendered":"https:\/\/ubaldofernandes.com\/?post_type=news&#038;p=7951"},"modified":"2025-08-12T14:03:06","modified_gmt":"2025-08-12T17:03:06","slug":"deputado-ubaldo-celebra-obras-no-porto-de-natal","status":"publish","type":"news","link":"https:\/\/ubaldofernandes.com\/index.php\/news\/deputado-ubaldo-celebra-obras-no-porto-de-natal\/","title":{"rendered":"Deputado Ubaldo celebra obras no Porto de Natal"},"content":{"rendered":"\n<p>Um marco hist\u00f3rico para o Porto de Natal foi celebrado nesta segunda-feira (11) com o an\u00fancio do in\u00edcio de tr\u00eas importantes obras pelo Governo Federal, em parceria com o Governo do Estado do Rio Grande do Norte. O ministro Silvio Costa assinou a ordem de servi\u00e7o para a prote\u00e7\u00e3o da ponte Newton Navarro, a dragagem do porto e a reforma dos armaz\u00e9ns do complexo portu\u00e1rio \u2014 investimentos que representam uma moderniza\u00e7\u00e3o fundamental para o desenvolvimento econ\u00f4mico e a seguran\u00e7a da navega\u00e7\u00e3o na regi\u00e3o.<\/p>\n\n\n\n<p>O deputado estadual Ubaldo Fernandes, que atuou incansavelmente ao lado dos representantes das categorias portu\u00e1rias, celebrou o an\u00fancio como a concretiza\u00e7\u00e3o de uma longa luta que envolveu diversas audi\u00eancias p\u00fablicas na Assembleia Legislativa do RN. \u201cEsse momento \u00e9 a vit\u00f3ria da uni\u00e3o entre governo, trabalhadores e sociedade. A revitaliza\u00e7\u00e3o do Porto de Natal significa mais emprego, mais seguran\u00e7a e crescimento para o nosso estado\u201d, destacou.<\/p>\n\n\n\n<p>Representantes dos sindicatos dos estivadores, arrumadores e portu\u00e1rios marcaram presen\u00e7a na cerim\u00f4nia ao lado do parlamentar, refor\u00e7ando a import\u00e2ncia do investimento para a categoria. Silvio Barros, presidente do Sindicato dos Estivadores, Paulo C\u00e9sar, tesoureiro, Romilton Batista, presidente do Sindicato dos Arrumadores, e Magno Santos, presidente do Sindicato dos Portu\u00e1rios, estiveram ao lado do deputado e do ministro. O representante Osmar Leit\u00e3o resumiu o sentimento dos trabalhadores: \u201c\u00c9 um momento significativo para o Porto de Natal e para toda a popula\u00e7\u00e3o do RN. Depois de anos de espera, finalmente vemos a concretiza\u00e7\u00e3o de um sonho que trar\u00e1 desenvolvimento, gera\u00e7\u00e3o de emprego e seguran\u00e7a para todos que dependem do porto.\u201d<\/p>\n\n\n\n<p>O ministro Silvio Costa destacou a import\u00e2ncia do investimento: \u201cA libera\u00e7\u00e3o desses recursos \u00e9 uma resposta \u00e0s demandas dos trabalhadores e da popula\u00e7\u00e3o potiguar. Com a prote\u00e7\u00e3o da ponte, a dragagem e a reforma dos armaz\u00e9ns, o Porto de Natal estar\u00e1 preparado para receber navios maiores e impulsionar a economia local.\u201d As obras iniciam imediatamente, ap\u00f3s a assinatura da ordem de servi\u00e7o, reafirmando o compromisso dos governos federal e estadual com o fortalecimento da infraestrutura portu\u00e1ria e o futuro da classe trabalhadora.<\/p>\n\n\n\n<figure class=\"wp-block-image size-large\"><img loading=\"lazy\" decoding=\"async\" width=\"576\" height=\"1024\" src=\"https:\/\/ubaldofernandes.com\/wp-content\/uploads\/2025\/08\/WhatsApp-Image-2025-08-11-at-15.37.09-1-576x1024.jpeg\" alt=\"\" class=\"wp-image-7952\" srcset=\"https:\/\/ubaldofernandes.com\/wp-content\/uploads\/2025\/08\/WhatsApp-Image-2025-08-11-at-15.37.09-1-576x1024.jpeg 576w, https:\/\/ubaldofernandes.com\/wp-content\/uploads\/2025\/08\/WhatsApp-Image-2025-08-11-at-15.37.09-1-169x300.jpeg 169w, https:\/\/ubaldofernandes.com\/wp-content\/uploads\/2025\/08\/WhatsApp-Image-2025-08-11-at-15.37.09-1-768x1365.jpeg 768w, https:\/\/ubaldofernandes.com\/wp-content\/uploads\/2025\/08\/WhatsApp-Image-2025-08-11-at-15.37.09-1-864x1536.jpeg 864w, https:\/\/ubaldofernandes.com\/wp-content\/uploads\/2025\/08\/WhatsApp-Image-2025-08-11-at-15.37.09-1.jpeg 900w\" sizes=\"auto, (max-width: 576px) 100vw, 576px\" \/><\/figure>\n","protected":false},"featured_media":7953,"parent":0,"template":"","class_list":["post-7951","news","type-news","status-publish","has-post-thumbnail","hentry"],"acf":[],"yoast_head":"<!-- This site is optimized with the Yoast SEO plugin v24.6 - https:\/\/yoast.com\/wordpress\/plugins\/seo\/ -->\n<title>Deputado Ubaldo celebra obras no Porto de Natal - Ubaldo Fernandes<\/title>\n<meta name=\"robots\" content=\"index, follow, max-snippet:-1, max-image-preview:large, max-video-preview:-1\" \/>\n<link rel=\"canonical\" href=\"https:\/\/ubaldofernandes.com\/index.php\/news\/deputado-ubaldo-celebra-obras-no-porto-de-natal\/\" \/>\n<meta property=\"og:locale\" content=\"pt_BR\" \/>\n<meta property=\"og:type\" content=\"article\" \/>\n<meta property=\"og:title\" content=\"Deputado Ubaldo celebra obras no Porto de Natal - Ubaldo Fernandes\" \/>\n<meta property=\"og:description\" content=\"Um marco hist\u00f3rico para o Porto de Natal foi celebrado nesta segunda-feira (11) com o an\u00fancio do in\u00edcio de tr\u00eas importantes obras pelo Governo Federal, em parceria com o Governo do Estado do Rio Grande do Norte. O ministro Silvio Costa assinou a ordem de servi\u00e7o para a prote\u00e7\u00e3o da ponte Newton Navarro, a dragagem [&hellip;]\" \/>\n<meta property=\"og:url\" content=\"https:\/\/ubaldofernandes.com\/index.php\/news\/deputado-ubaldo-celebra-obras-no-porto-de-natal\/\" \/>\n<meta property=\"og:site_name\" content=\"Ubaldo Fernandes\" \/>\n<meta property=\"article:modified_time\" content=\"2025-08-12T17:03:06+00:00\" \/>\n<meta property=\"og:image\" content=\"https:\/\/ubaldofernandes.com\/wp-content\/uploads\/2025\/08\/WhatsApp-Image-2025-08-11-at-15.37.09.jpeg\" \/>\n\t<meta property=\"og:image:width\" content=\"1600\" \/>\n\t<meta property=\"og:image:height\" content=\"900\" \/>\n\t<meta property=\"og:image:type\" content=\"image\/jpeg\" \/>\n<meta name=\"twitter:card\" content=\"summary_large_image\" \/>\n<meta name=\"twitter:label1\" content=\"Est. tempo de leitura\" \/>\n\t<meta name=\"twitter:data1\" content=\"3 minutos\" \/>\n<script type=\"application\/ld+json\" class=\"yoast-schema-graph\">{\"@context\":\"https:\/\/schema.org\",\"@graph\":[{\"@type\":\"WebPage\",\"@id\":\"https:\/\/ubaldofernandes.com\/index.php\/news\/deputado-ubaldo-celebra-obras-no-porto-de-natal\/\",\"url\":\"https:\/\/ubaldofernandes.com\/index.php\/news\/deputado-ubaldo-celebra-obras-no-porto-de-natal\/\",\"name\":\"Deputado Ubaldo celebra obras no Porto de Natal - Ubaldo Fernandes\",\"isPartOf\":{\"@id\":\"https:\/\/ubaldofernandes.com\/#website\"},\"primaryImageOfPage\":{\"@id\":\"https:\/\/ubaldofernandes.com\/index.php\/news\/deputado-ubaldo-celebra-obras-no-porto-de-natal\/#primaryimage\"},\"image\":{\"@id\":\"https:\/\/ubaldofernandes.com\/index.php\/news\/deputado-ubaldo-celebra-obras-no-porto-de-natal\/#primaryimage\"},\"thumbnailUrl\":\"https:\/\/ubaldofernandes.com\/wp-content\/uploads\/2025\/08\/WhatsApp-Image-2025-08-11-at-15.37.09.jpeg\",\"datePublished\":\"2025-08-12T17:03:05+00:00\",\"dateModified\":\"2025-08-12T17:03:06+00:00\",\"breadcrumb\":{\"@id\":\"https:\/\/ubaldofernandes.com\/index.php\/news\/deputado-ubaldo-celebra-obras-no-porto-de-natal\/#breadcrumb\"},\"inLanguage\":\"pt-BR\",\"potentialAction\":[{\"@type\":\"ReadAction\",\"target\":[\"https:\/\/ubaldofernandes.com\/index.php\/news\/deputado-ubaldo-celebra-obras-no-porto-de-natal\/\"]}]},{\"@type\":\"ImageObject\",\"inLanguage\":\"pt-BR\",\"@id\":\"https:\/\/ubaldofernandes.com\/index.php\/news\/deputado-ubaldo-celebra-obras-no-porto-de-natal\/#primaryimage\",\"url\":\"https:\/\/ubaldofernandes.com\/wp-content\/uploads\/2025\/08\/WhatsApp-Image-2025-08-11-at-15.37.09.jpeg\",\"contentUrl\":\"https:\/\/ubaldofernandes.com\/wp-content\/uploads\/2025\/08\/WhatsApp-Image-2025-08-11-at-15.37.09.jpeg\",\"width\":1600,\"height\":900},{\"@type\":\"BreadcrumbList\",\"@id\":\"https:\/\/ubaldofernandes.com\/index.php\/news\/deputado-ubaldo-celebra-obras-no-porto-de-natal\/#breadcrumb\",\"itemListElement\":[{\"@type\":\"ListItem\",\"position\":1,\"name\":\"In\u00edcio\",\"item\":\"https:\/\/ubaldofernandes.com\/\"},{\"@type\":\"ListItem\",\"position\":2,\"name\":\"Not\u00edcias\",\"item\":\"https:\/\/ubaldofernandes.com\/index.php\/news\/\"},{\"@type\":\"ListItem\",\"position\":3,\"name\":\"Deputado Ubaldo celebra obras no Porto de Natal\"}]},{\"@type\":\"WebSite\",\"@id\":\"https:\/\/ubaldofernandes.com\/#website\",\"url\":\"https:\/\/ubaldofernandes.com\/\",\"name\":\"Ubaldo Fernandes\",\"description\":\"Deputado Estadual\",\"potentialAction\":[{\"@type\":\"SearchAction\",\"target\":{\"@type\":\"EntryPoint\",\"urlTemplate\":\"https:\/\/ubaldofernandes.com\/?s={search_term_string}\"},\"query-input\":{\"@type\":\"PropertyValueSpecification\",\"valueRequired\":true,\"valueName\":\"search_term_string\"}}],\"inLanguage\":\"pt-BR\"}]}<\/script>\n<!-- \/ Yoast SEO plugin. -->","yoast_head_json":{"title":"Deputado Ubaldo celebra obras no Porto de Natal - Ubaldo Fernandes","robots":{"index":"index","follow":"follow","max-snippet":"max-snippet:-1","max-image-preview":"max-image-preview:large","max-video-preview":"max-video-preview:-1"},"canonical":"https:\/\/ubaldofernandes.com\/index.php\/news\/deputado-ubaldo-celebra-obras-no-porto-de-natal\/","og_locale":"pt_BR","og_type":"article","og_title":"Deputado Ubaldo celebra obras no Porto de Natal - Ubaldo Fernandes","og_description":"Um marco hist\u00f3rico para o Porto de Natal foi celebrado nesta segunda-feira (11) com o an\u00fancio do in\u00edcio de tr\u00eas importantes obras pelo Governo Federal, em parceria com o Governo do Estado do Rio Grande do Norte. O ministro Silvio Costa assinou a ordem de servi\u00e7o para a prote\u00e7\u00e3o da ponte Newton Navarro, a dragagem [&hellip;]","og_url":"https:\/\/ubaldofernandes.com\/index.php\/news\/deputado-ubaldo-celebra-obras-no-porto-de-natal\/","og_site_name":"Ubaldo Fernandes","article_modified_time":"2025-08-12T17:03:06+00:00","og_image":[{"width":1600,"height":900,"url":"https:\/\/ubaldofernandes.com\/wp-content\/uploads\/2025\/08\/WhatsApp-Image-2025-08-11-at-15.37.09.jpeg","type":"image\/jpeg"}],"twitter_card":"summary_large_image","twitter_misc":{"Est. tempo de leitura":"3 minutos"},"schema":{"@context":"https:\/\/schema.org","@graph":[{"@type":"WebPage","@id":"https:\/\/ubaldofernandes.com\/index.php\/news\/deputado-ubaldo-celebra-obras-no-porto-de-natal\/","url":"https:\/\/ubaldofernandes.com\/index.php\/news\/deputado-ubaldo-celebra-obras-no-porto-de-natal\/","name":"Deputado Ubaldo celebra obras no Porto de Natal - Ubaldo Fernandes","isPartOf":{"@id":"https:\/\/ubaldofernandes.com\/#website"},"primaryImageOfPage":{"@id":"https:\/\/ubaldofernandes.com\/index.php\/news\/deputado-ubaldo-celebra-obras-no-porto-de-natal\/#primaryimage"},"image":{"@id":"https:\/\/ubaldofernandes.com\/index.php\/news\/deputado-ubaldo-celebra-obras-no-porto-de-natal\/#primaryimage"},"thumbnailUrl":"https:\/\/ubaldofernandes.com\/wp-content\/uploads\/2025\/08\/WhatsApp-Image-2025-08-11-at-15.37.09.jpeg","datePublished":"2025-08-12T17:03:05+00:00","dateModified":"2025-08-12T17:03:06+00:00","breadcrumb":{"@id":"https:\/\/ubaldofernandes.com\/index.php\/news\/deputado-ubaldo-celebra-obras-no-porto-de-natal\/#breadcrumb"},"inLanguage":"pt-BR","potentialAction":[{"@type":"ReadAction","target":["https:\/\/ubaldofernandes.com\/index.php\/news\/deputado-ubaldo-celebra-obras-no-porto-de-natal\/"]}]},{"@type":"ImageObject","inLanguage":"pt-BR","@id":"https:\/\/ubaldofernandes.com\/index.php\/news\/deputado-ubaldo-celebra-obras-no-porto-de-natal\/#primaryimage","url":"https:\/\/ubaldofernandes.com\/wp-content\/uploads\/2025\/08\/WhatsApp-Image-2025-08-11-at-15.37.09.jpeg","contentUrl":"https:\/\/ubaldofernandes.com\/wp-content\/uploads\/2025\/08\/WhatsApp-Image-2025-08-11-at-15.37.09.jpeg","width":1600,"height":900},{"@type":"BreadcrumbList","@id":"https:\/\/ubaldofernandes.com\/index.php\/news\/deputado-ubaldo-celebra-obras-no-porto-de-natal\/#breadcrumb","itemListElement":[{"@type":"ListItem","position":1,"name":"In\u00edcio","item":"https:\/\/ubaldofernandes.com\/"},{"@type":"ListItem","position":2,"name":"Not\u00edcias","item":"https:\/\/ubaldofernandes.com\/index.php\/news\/"},{"@type":"ListItem","position":3,"name":"Deputado Ubaldo celebra obras no Porto de Natal"}]},{"@type":"WebSite","@id":"https:\/\/ubaldofernandes.com\/#website","url":"https:\/\/ubaldofernandes.com\/","name":"Ubaldo Fernandes","description":"Deputado Estadual","potentialAction":[{"@type":"SearchAction","target":{"@type":"EntryPoint","urlTemplate":"https:\/\/ubaldofernandes.com\/?s={search_term_string}"},"query-input":{"@type":"PropertyValueSpecification","valueRequired":true,"valueName":"search_term_string"}}],"inLanguage":"pt-BR"}]}},"_links":{"self":[{"href":"https:\/\/ubaldofernandes.com\/index.php\/wp-json\/wp\/v2\/news\/7951","targetHints":{"allow":["GET"]}}],"collection":[{"href":"https:\/\/ubaldofernandes.com\/index.php\/wp-json\/wp\/v2\/news"}],"about":[{"href":"https:\/\/ubaldofernandes.com\/index.php\/wp-json\/wp\/v2\/types\/news"}],"wp:featuredmedia":[{"embeddable":true,"href":"https:\/\/ubaldofernandes.com\/index.php\/wp-json\/wp\/v2\/media\/7953"}],"wp:attachment":[{"href":"https:\/\/ubaldofernandes.com\/index.php\/wp-json\/wp\/v2\/media?parent=7951"}],"curies":[{"name":"wp","href":"https:\/\/api.w.org\/{rel}","templated":true}]}}