{"id":7984,"date":"2025-08-22T16:27:42","date_gmt":"2025-08-22T19:27:42","guid":{"rendered":"https:\/\/ubaldofernandes.com\/?post_type=news&#038;p=7984"},"modified":"2025-08-22T16:27:43","modified_gmt":"2025-08-22T19:27:43","slug":"deputado-ubaldo-fernandes-promove-reuniao-para-fortalecer-acoes-em-defesa-do-consumidor","status":"publish","type":"news","link":"https:\/\/ubaldofernandes.com\/index.php\/news\/deputado-ubaldo-fernandes-promove-reuniao-para-fortalecer-acoes-em-defesa-do-consumidor\/","title":{"rendered":"Deputado Ubaldo Fernandes promove reuni\u00e3o para fortalecer a\u00e7\u00f5es em defesa do consumidor"},"content":{"rendered":"\n<p>O deputado estadual Ubaldo Fernandes (PSDB), presidente da Comiss\u00e3o de Defesa do Consumidor da Assembleia Legislativa do RN, promoveu nesta sexta-feira (22) uma reuni\u00e3o em seu gabinete com representantes do Procon Estadual, do Procon Legislativo e da pr\u00f3pria Comiss\u00e3o. Participaram do encontro a coordenadora-geral do Procon\/RN, vereadora Ana Paula, o representante do Procon Legislativo, Rafael Pires, e o t\u00e9cnico da Comiss\u00e3o de Defesa do Consumidor, Nilo.<\/p>\n\n\n\n<p>O objetivo foi alinhar estrat\u00e9gias conjuntas para fortalecer a prote\u00e7\u00e3o dos consumidores e garantir seus direitos em Natal e em todo o Rio Grande do Norte, por meio de parcerias institucionais e a\u00e7\u00f5es mais efetivas de fiscaliza\u00e7\u00e3o, orienta\u00e7\u00e3o e encaminhamento de demandas. Segundo o deputado Ubaldo, a reuni\u00e3o reafirma o compromisso da Assembleia Legislativa em ser parceira ativa na defesa da popula\u00e7\u00e3o. \u201cA defesa do consumidor \u00e9 uma prioridade do nosso mandato. Estamos unindo for\u00e7as para ampliar os instrumentos de prote\u00e7\u00e3o e assegurar que os direitos dos cidad\u00e3os sejam respeitados\u201d, destacou o parlamentar<\/p>\n","protected":false},"featured_media":7985,"parent":0,"template":"","class_list":["post-7984","news","type-news","status-publish","has-post-thumbnail","hentry"],"acf":[],"yoast_head":"<!-- This site is optimized with the Yoast SEO plugin v24.6 - https:\/\/yoast.com\/wordpress\/plugins\/seo\/ -->\n<title>Deputado Ubaldo Fernandes promove reuni\u00e3o para fortalecer a\u00e7\u00f5es em defesa do consumidor - Ubaldo Fernandes<\/title>\n<meta name=\"robots\" content=\"index, follow, max-snippet:-1, max-image-preview:large, max-video-preview:-1\" \/>\n<link rel=\"canonical\" href=\"https:\/\/ubaldofernandes.com\/index.php\/news\/deputado-ubaldo-fernandes-promove-reuniao-para-fortalecer-acoes-em-defesa-do-consumidor\/\" \/>\n<meta property=\"og:locale\" content=\"pt_BR\" \/>\n<meta property=\"og:type\" content=\"article\" \/>\n<meta property=\"og:title\" content=\"Deputado Ubaldo Fernandes promove reuni\u00e3o para fortalecer a\u00e7\u00f5es em defesa do consumidor - Ubaldo Fernandes\" \/>\n<meta property=\"og:description\" content=\"O deputado estadual Ubaldo Fernandes (PSDB), presidente da Comiss\u00e3o de Defesa do Consumidor da Assembleia Legislativa do RN, promoveu nesta sexta-feira (22) uma reuni\u00e3o em seu gabinete com representantes do Procon Estadual, do Procon Legislativo e da pr\u00f3pria Comiss\u00e3o. Participaram do encontro a coordenadora-geral do Procon\/RN, vereadora Ana Paula, o representante do Procon Legislativo, Rafael [&hellip;]\" \/>\n<meta property=\"og:url\" content=\"https:\/\/ubaldofernandes.com\/index.php\/news\/deputado-ubaldo-fernandes-promove-reuniao-para-fortalecer-acoes-em-defesa-do-consumidor\/\" \/>\n<meta property=\"og:site_name\" content=\"Ubaldo Fernandes\" \/>\n<meta property=\"article:modified_time\" content=\"2025-08-22T19:27:43+00:00\" \/>\n<meta property=\"og:image\" content=\"https:\/\/ubaldofernandes.com\/wp-content\/uploads\/2025\/08\/WhatsApp-Image-2025-08-22-at-10.22.22.jpeg\" \/>\n\t<meta property=\"og:image:width\" content=\"960\" \/>\n\t<meta property=\"og:image:height\" content=\"1280\" \/>\n\t<meta property=\"og:image:type\" content=\"image\/jpeg\" \/>\n<meta name=\"twitter:card\" content=\"summary_large_image\" \/>\n<meta name=\"twitter:label1\" content=\"Est. tempo de leitura\" \/>\n\t<meta name=\"twitter:data1\" content=\"2 minutos\" \/>\n<script type=\"application\/ld+json\" class=\"yoast-schema-graph\">{\"@context\":\"https:\/\/schema.org\",\"@graph\":[{\"@type\":\"WebPage\",\"@id\":\"https:\/\/ubaldofernandes.com\/index.php\/news\/deputado-ubaldo-fernandes-promove-reuniao-para-fortalecer-acoes-em-defesa-do-consumidor\/\",\"url\":\"https:\/\/ubaldofernandes.com\/index.php\/news\/deputado-ubaldo-fernandes-promove-reuniao-para-fortalecer-acoes-em-defesa-do-consumidor\/\",\"name\":\"Deputado Ubaldo Fernandes promove reuni\u00e3o para fortalecer a\u00e7\u00f5es em defesa do consumidor - Ubaldo Fernandes\",\"isPartOf\":{\"@id\":\"https:\/\/ubaldofernandes.com\/#website\"},\"primaryImageOfPage\":{\"@id\":\"https:\/\/ubaldofernandes.com\/index.php\/news\/deputado-ubaldo-fernandes-promove-reuniao-para-fortalecer-acoes-em-defesa-do-consumidor\/#primaryimage\"},\"image\":{\"@id\":\"https:\/\/ubaldofernandes.com\/index.php\/news\/deputado-ubaldo-fernandes-promove-reuniao-para-fortalecer-acoes-em-defesa-do-consumidor\/#primaryimage\"},\"thumbnailUrl\":\"https:\/\/ubaldofernandes.com\/wp-content\/uploads\/2025\/08\/WhatsApp-Image-2025-08-22-at-10.22.22.jpeg\",\"datePublished\":\"2025-08-22T19:27:42+00:00\",\"dateModified\":\"2025-08-22T19:27:43+00:00\",\"breadcrumb\":{\"@id\":\"https:\/\/ubaldofernandes.com\/index.php\/news\/deputado-ubaldo-fernandes-promove-reuniao-para-fortalecer-acoes-em-defesa-do-consumidor\/#breadcrumb\"},\"inLanguage\":\"pt-BR\",\"potentialAction\":[{\"@type\":\"ReadAction\",\"target\":[\"https:\/\/ubaldofernandes.com\/index.php\/news\/deputado-ubaldo-fernandes-promove-reuniao-para-fortalecer-acoes-em-defesa-do-consumidor\/\"]}]},{\"@type\":\"ImageObject\",\"inLanguage\":\"pt-BR\",\"@id\":\"https:\/\/ubaldofernandes.com\/index.php\/news\/deputado-ubaldo-fernandes-promove-reuniao-para-fortalecer-acoes-em-defesa-do-consumidor\/#primaryimage\",\"url\":\"https:\/\/ubaldofernandes.com\/wp-content\/uploads\/2025\/08\/WhatsApp-Image-2025-08-22-at-10.22.22.jpeg\",\"contentUrl\":\"https:\/\/ubaldofernandes.com\/wp-content\/uploads\/2025\/08\/WhatsApp-Image-2025-08-22-at-10.22.22.jpeg\",\"width\":960,\"height\":1280},{\"@type\":\"BreadcrumbList\",\"@id\":\"https:\/\/ubaldofernandes.com\/index.php\/news\/deputado-ubaldo-fernandes-promove-reuniao-para-fortalecer-acoes-em-defesa-do-consumidor\/#breadcrumb\",\"itemListElement\":[{\"@type\":\"ListItem\",\"position\":1,\"name\":\"In\u00edcio\",\"item\":\"https:\/\/ubaldofernandes.com\/\"},{\"@type\":\"ListItem\",\"position\":2,\"name\":\"Not\u00edcias\",\"item\":\"https:\/\/ubaldofernandes.com\/index.php\/news\/\"},{\"@type\":\"ListItem\",\"position\":3,\"name\":\"Deputado Ubaldo Fernandes promove reuni\u00e3o para fortalecer a\u00e7\u00f5es em defesa do consumidor\"}]},{\"@type\":\"WebSite\",\"@id\":\"https:\/\/ubaldofernandes.com\/#website\",\"url\":\"https:\/\/ubaldofernandes.com\/\",\"name\":\"Ubaldo Fernandes\",\"description\":\"Deputado Estadual\",\"potentialAction\":[{\"@type\":\"SearchAction\",\"target\":{\"@type\":\"EntryPoint\",\"urlTemplate\":\"https:\/\/ubaldofernandes.com\/?s={search_term_string}\"},\"query-input\":{\"@type\":\"PropertyValueSpecification\",\"valueRequired\":true,\"valueName\":\"search_term_string\"}}],\"inLanguage\":\"pt-BR\"}]}<\/script>\n<!-- \/ Yoast SEO plugin. -->","yoast_head_json":{"title":"Deputado Ubaldo Fernandes promove reuni\u00e3o para fortalecer a\u00e7\u00f5es em defesa do consumidor - Ubaldo Fernandes","robots":{"index":"index","follow":"follow","max-snippet":"max-snippet:-1","max-image-preview":"max-image-preview:large","max-video-preview":"max-video-preview:-1"},"canonical":"https:\/\/ubaldofernandes.com\/index.php\/news\/deputado-ubaldo-fernandes-promove-reuniao-para-fortalecer-acoes-em-defesa-do-consumidor\/","og_locale":"pt_BR","og_type":"article","og_title":"Deputado Ubaldo Fernandes promove reuni\u00e3o para fortalecer a\u00e7\u00f5es em defesa do consumidor - Ubaldo Fernandes","og_description":"O deputado estadual Ubaldo Fernandes (PSDB), presidente da Comiss\u00e3o de Defesa do Consumidor da Assembleia Legislativa do RN, promoveu nesta sexta-feira (22) uma reuni\u00e3o em seu gabinete com representantes do Procon Estadual, do Procon Legislativo e da pr\u00f3pria Comiss\u00e3o. Participaram do encontro a coordenadora-geral do Procon\/RN, vereadora Ana Paula, o representante do Procon Legislativo, Rafael [&hellip;]","og_url":"https:\/\/ubaldofernandes.com\/index.php\/news\/deputado-ubaldo-fernandes-promove-reuniao-para-fortalecer-acoes-em-defesa-do-consumidor\/","og_site_name":"Ubaldo Fernandes","article_modified_time":"2025-08-22T19:27:43+00:00","og_image":[{"width":960,"height":1280,"url":"https:\/\/ubaldofernandes.com\/wp-content\/uploads\/2025\/08\/WhatsApp-Image-2025-08-22-at-10.22.22.jpeg","type":"image\/jpeg"}],"twitter_card":"summary_large_image","twitter_misc":{"Est. tempo de leitura":"2 minutos"},"schema":{"@context":"https:\/\/schema.org","@graph":[{"@type":"WebPage","@id":"https:\/\/ubaldofernandes.com\/index.php\/news\/deputado-ubaldo-fernandes-promove-reuniao-para-fortalecer-acoes-em-defesa-do-consumidor\/","url":"https:\/\/ubaldofernandes.com\/index.php\/news\/deputado-ubaldo-fernandes-promove-reuniao-para-fortalecer-acoes-em-defesa-do-consumidor\/","name":"Deputado Ubaldo Fernandes promove reuni\u00e3o para fortalecer a\u00e7\u00f5es em defesa do consumidor - Ubaldo Fernandes","isPartOf":{"@id":"https:\/\/ubaldofernandes.com\/#website"},"primaryImageOfPage":{"@id":"https:\/\/ubaldofernandes.com\/index.php\/news\/deputado-ubaldo-fernandes-promove-reuniao-para-fortalecer-acoes-em-defesa-do-consumidor\/#primaryimage"},"image":{"@id":"https:\/\/ubaldofernandes.com\/index.php\/news\/deputado-ubaldo-fernandes-promove-reuniao-para-fortalecer-acoes-em-defesa-do-consumidor\/#primaryimage"},"thumbnailUrl":"https:\/\/ubaldofernandes.com\/wp-content\/uploads\/2025\/08\/WhatsApp-Image-2025-08-22-at-10.22.22.jpeg","datePublished":"2025-08-22T19:27:42+00:00","dateModified":"2025-08-22T19:27:43+00:00","breadcrumb":{"@id":"https:\/\/ubaldofernandes.com\/index.php\/news\/deputado-ubaldo-fernandes-promove-reuniao-para-fortalecer-acoes-em-defesa-do-consumidor\/#breadcrumb"},"inLanguage":"pt-BR","potentialAction":[{"@type":"ReadAction","target":["https:\/\/ubaldofernandes.com\/index.php\/news\/deputado-ubaldo-fernandes-promove-reuniao-para-fortalecer-acoes-em-defesa-do-consumidor\/"]}]},{"@type":"ImageObject","inLanguage":"pt-BR","@id":"https:\/\/ubaldofernandes.com\/index.php\/news\/deputado-ubaldo-fernandes-promove-reuniao-para-fortalecer-acoes-em-defesa-do-consumidor\/#primaryimage","url":"https:\/\/ubaldofernandes.com\/wp-content\/uploads\/2025\/08\/WhatsApp-Image-2025-08-22-at-10.22.22.jpeg","contentUrl":"https:\/\/ubaldofernandes.com\/wp-content\/uploads\/2025\/08\/WhatsApp-Image-2025-08-22-at-10.22.22.jpeg","width":960,"height":1280},{"@type":"BreadcrumbList","@id":"https:\/\/ubaldofernandes.com\/index.php\/news\/deputado-ubaldo-fernandes-promove-reuniao-para-fortalecer-acoes-em-defesa-do-consumidor\/#breadcrumb","itemListElement":[{"@type":"ListItem","position":1,"name":"In\u00edcio","item":"https:\/\/ubaldofernandes.com\/"},{"@type":"ListItem","position":2,"name":"Not\u00edcias","item":"https:\/\/ubaldofernandes.com\/index.php\/news\/"},{"@type":"ListItem","position":3,"name":"Deputado Ubaldo Fernandes promove reuni\u00e3o para fortalecer a\u00e7\u00f5es em defesa do consumidor"}]},{"@type":"WebSite","@id":"https:\/\/ubaldofernandes.com\/#website","url":"https:\/\/ubaldofernandes.com\/","name":"Ubaldo Fernandes","description":"Deputado Estadual","potentialAction":[{"@type":"SearchAction","target":{"@type":"EntryPoint","urlTemplate":"https:\/\/ubaldofernandes.com\/?s={search_term_string}"},"query-input":{"@type":"PropertyValueSpecification","valueRequired":true,"valueName":"search_term_string"}}],"inLanguage":"pt-BR"}]}},"_links":{"self":[{"href":"https:\/\/ubaldofernandes.com\/index.php\/wp-json\/wp\/v2\/news\/7984","targetHints":{"allow":["GET"]}}],"collection":[{"href":"https:\/\/ubaldofernandes.com\/index.php\/wp-json\/wp\/v2\/news"}],"about":[{"href":"https:\/\/ubaldofernandes.com\/index.php\/wp-json\/wp\/v2\/types\/news"}],"wp:featuredmedia":[{"embeddable":true,"href":"https:\/\/ubaldofernandes.com\/index.php\/wp-json\/wp\/v2\/media\/7985"}],"wp:attachment":[{"href":"https:\/\/ubaldofernandes.com\/index.php\/wp-json\/wp\/v2\/media?parent=7984"}],"curies":[{"name":"wp","href":"https:\/\/api.w.org\/{rel}","templated":true}]}}