{"id":7990,"date":"2025-09-01T17:02:36","date_gmt":"2025-09-01T20:02:36","guid":{"rendered":"https:\/\/ubaldofernandes.com\/?post_type=news&#038;p=7990"},"modified":"2025-09-01T17:02:37","modified_gmt":"2025-09-01T20:02:37","slug":"ubaldo-e-homenageado-como-parlamentar-do-ano-da-regiao-do-trairi","status":"publish","type":"news","link":"https:\/\/ubaldofernandes.com\/index.php\/news\/ubaldo-e-homenageado-como-parlamentar-do-ano-da-regiao-do-trairi\/","title":{"rendered":"Ubaldo \u00e9 homenageado como Parlamentar do Ano da Regi\u00e3o do Trair\u00ed"},"content":{"rendered":"\n<p>Uma noite marcada por emo\u00e7\u00e3o e gratid\u00e3o. Assim foi a celebra\u00e7\u00e3o dos 50 anos da tradicional \u201cFesta das Personalidades\u201d, em Santa Cruz, que este ano reconheceu o deputado estadual Ubaldo Fernandes como Parlamentar do Ano da Regi\u00e3o do Trair\u00ed.<\/p>\n\n\n\n<p>Natural de Tangar\u00e1, Ubaldo \u00e9 filho da regi\u00e3o e tem direcionado grande parte de sua atua\u00e7\u00e3o parlamentar para atender \u00e0s necessidades do Trairi. Ao longo de seu mandato, destinou diversas emendas parlamentares e articulou importantes benfeitorias junto ao Governo do Estado e \u00e0s prefeituras locais, fortalecendo \u00e1reas como sa\u00fade, educa\u00e7\u00e3o, infraestrutura e inclus\u00e3o social.<\/p>\n\n\n\n<p>Acompanhado da esposa, Ivanilda, o deputado destacou a import\u00e2ncia do momento para sua trajet\u00f3ria pol\u00edtica e para a liga\u00e7\u00e3o hist\u00f3rica que mant\u00e9m com o Trairi: \u201cReceber essa homenagem me enche de felicidade, porque mostra que nosso trabalho s\u00e9rio, totalmente dedicado a melhorar o Rio Grande do Norte, especialmente a minha regi\u00e3o, est\u00e1 sendo reconhecido pelo povo. Esse pr\u00eamio renova ainda mais meu compromisso de continuar lutando todos os dias por um Estado mais justo, humano e cheio de oportunidades para todos\u201d, afirmou Ubaldo.<\/p>\n\n\n\n<p>Com forte presen\u00e7a em Santa Cruz e nas cidades vizinhas, o parlamentar ressaltou que a conquista n\u00e3o \u00e9 apenas pessoal, mas coletiva: \u201cEssa vit\u00f3ria \u00e9 nossa! Agrade\u00e7o a cada pessoa que acredita no nosso trabalho e caminha junto conosco nessa jornada.<\/p>\n\n\n\n<figure class=\"wp-block-image size-large\"><img loading=\"lazy\" decoding=\"async\" width=\"768\" height=\"1024\" src=\"https:\/\/ubaldofernandes.com\/wp-content\/uploads\/2025\/09\/WhatsApp-Image-2025-08-31-at-11.39.29-1-768x1024.jpeg\" alt=\"\" class=\"wp-image-7992\" srcset=\"https:\/\/ubaldofernandes.com\/wp-content\/uploads\/2025\/09\/WhatsApp-Image-2025-08-31-at-11.39.29-1-768x1024.jpeg 768w, https:\/\/ubaldofernandes.com\/wp-content\/uploads\/2025\/09\/WhatsApp-Image-2025-08-31-at-11.39.29-1-225x300.jpeg 225w, https:\/\/ubaldofernandes.com\/wp-content\/uploads\/2025\/09\/WhatsApp-Image-2025-08-31-at-11.39.29-1-1152x1536.jpeg 1152w, https:\/\/ubaldofernandes.com\/wp-content\/uploads\/2025\/09\/WhatsApp-Image-2025-08-31-at-11.39.29-1.jpeg 1200w\" sizes=\"auto, (max-width: 768px) 100vw, 768px\" \/><\/figure>\n","protected":false},"featured_media":7991,"parent":0,"template":"","class_list":["post-7990","news","type-news","status-publish","has-post-thumbnail","hentry"],"acf":[],"yoast_head":"<!-- This site is optimized with the Yoast SEO plugin v24.6 - https:\/\/yoast.com\/wordpress\/plugins\/seo\/ -->\n<title>Ubaldo \u00e9 homenageado como Parlamentar do Ano da Regi\u00e3o do Trair\u00ed - Ubaldo Fernandes<\/title>\n<meta name=\"robots\" content=\"index, follow, max-snippet:-1, max-image-preview:large, max-video-preview:-1\" \/>\n<link rel=\"canonical\" href=\"https:\/\/ubaldofernandes.com\/index.php\/news\/ubaldo-e-homenageado-como-parlamentar-do-ano-da-regiao-do-trairi\/\" \/>\n<meta property=\"og:locale\" content=\"pt_BR\" \/>\n<meta property=\"og:type\" content=\"article\" \/>\n<meta property=\"og:title\" content=\"Ubaldo \u00e9 homenageado como Parlamentar do Ano da Regi\u00e3o do Trair\u00ed - Ubaldo Fernandes\" \/>\n<meta property=\"og:description\" content=\"Uma noite marcada por emo\u00e7\u00e3o e gratid\u00e3o. Assim foi a celebra\u00e7\u00e3o dos 50 anos da tradicional \u201cFesta das Personalidades\u201d, em Santa Cruz, que este ano reconheceu o deputado estadual Ubaldo Fernandes como Parlamentar do Ano da Regi\u00e3o do Trair\u00ed. Natural de Tangar\u00e1, Ubaldo \u00e9 filho da regi\u00e3o e tem direcionado grande parte de sua atua\u00e7\u00e3o [&hellip;]\" \/>\n<meta property=\"og:url\" content=\"https:\/\/ubaldofernandes.com\/index.php\/news\/ubaldo-e-homenageado-como-parlamentar-do-ano-da-regiao-do-trairi\/\" \/>\n<meta property=\"og:site_name\" content=\"Ubaldo Fernandes\" \/>\n<meta property=\"article:modified_time\" content=\"2025-09-01T20:02:37+00:00\" \/>\n<meta property=\"og:image\" content=\"https:\/\/ubaldofernandes.com\/wp-content\/uploads\/2025\/09\/WhatsApp-Image-2025-08-31-at-11.39.29.jpeg\" \/>\n\t<meta property=\"og:image:width\" content=\"1200\" \/>\n\t<meta property=\"og:image:height\" content=\"1600\" \/>\n\t<meta property=\"og:image:type\" content=\"image\/jpeg\" \/>\n<meta name=\"twitter:card\" content=\"summary_large_image\" \/>\n<meta name=\"twitter:label1\" content=\"Est. tempo de leitura\" \/>\n\t<meta name=\"twitter:data1\" content=\"2 minutos\" \/>\n<script type=\"application\/ld+json\" class=\"yoast-schema-graph\">{\"@context\":\"https:\/\/schema.org\",\"@graph\":[{\"@type\":\"WebPage\",\"@id\":\"https:\/\/ubaldofernandes.com\/index.php\/news\/ubaldo-e-homenageado-como-parlamentar-do-ano-da-regiao-do-trairi\/\",\"url\":\"https:\/\/ubaldofernandes.com\/index.php\/news\/ubaldo-e-homenageado-como-parlamentar-do-ano-da-regiao-do-trairi\/\",\"name\":\"Ubaldo \u00e9 homenageado como Parlamentar do Ano da Regi\u00e3o do Trair\u00ed - Ubaldo Fernandes\",\"isPartOf\":{\"@id\":\"https:\/\/ubaldofernandes.com\/#website\"},\"primaryImageOfPage\":{\"@id\":\"https:\/\/ubaldofernandes.com\/index.php\/news\/ubaldo-e-homenageado-como-parlamentar-do-ano-da-regiao-do-trairi\/#primaryimage\"},\"image\":{\"@id\":\"https:\/\/ubaldofernandes.com\/index.php\/news\/ubaldo-e-homenageado-como-parlamentar-do-ano-da-regiao-do-trairi\/#primaryimage\"},\"thumbnailUrl\":\"https:\/\/ubaldofernandes.com\/wp-content\/uploads\/2025\/09\/WhatsApp-Image-2025-08-31-at-11.39.29.jpeg\",\"datePublished\":\"2025-09-01T20:02:36+00:00\",\"dateModified\":\"2025-09-01T20:02:37+00:00\",\"breadcrumb\":{\"@id\":\"https:\/\/ubaldofernandes.com\/index.php\/news\/ubaldo-e-homenageado-como-parlamentar-do-ano-da-regiao-do-trairi\/#breadcrumb\"},\"inLanguage\":\"pt-BR\",\"potentialAction\":[{\"@type\":\"ReadAction\",\"target\":[\"https:\/\/ubaldofernandes.com\/index.php\/news\/ubaldo-e-homenageado-como-parlamentar-do-ano-da-regiao-do-trairi\/\"]}]},{\"@type\":\"ImageObject\",\"inLanguage\":\"pt-BR\",\"@id\":\"https:\/\/ubaldofernandes.com\/index.php\/news\/ubaldo-e-homenageado-como-parlamentar-do-ano-da-regiao-do-trairi\/#primaryimage\",\"url\":\"https:\/\/ubaldofernandes.com\/wp-content\/uploads\/2025\/09\/WhatsApp-Image-2025-08-31-at-11.39.29.jpeg\",\"contentUrl\":\"https:\/\/ubaldofernandes.com\/wp-content\/uploads\/2025\/09\/WhatsApp-Image-2025-08-31-at-11.39.29.jpeg\",\"width\":1200,\"height\":1600},{\"@type\":\"BreadcrumbList\",\"@id\":\"https:\/\/ubaldofernandes.com\/index.php\/news\/ubaldo-e-homenageado-como-parlamentar-do-ano-da-regiao-do-trairi\/#breadcrumb\",\"itemListElement\":[{\"@type\":\"ListItem\",\"position\":1,\"name\":\"In\u00edcio\",\"item\":\"https:\/\/ubaldofernandes.com\/\"},{\"@type\":\"ListItem\",\"position\":2,\"name\":\"Not\u00edcias\",\"item\":\"https:\/\/ubaldofernandes.com\/index.php\/news\/\"},{\"@type\":\"ListItem\",\"position\":3,\"name\":\"Ubaldo \u00e9 homenageado como Parlamentar do Ano da Regi\u00e3o do Trair\u00ed\"}]},{\"@type\":\"WebSite\",\"@id\":\"https:\/\/ubaldofernandes.com\/#website\",\"url\":\"https:\/\/ubaldofernandes.com\/\",\"name\":\"Ubaldo Fernandes\",\"description\":\"Deputado Estadual\",\"potentialAction\":[{\"@type\":\"SearchAction\",\"target\":{\"@type\":\"EntryPoint\",\"urlTemplate\":\"https:\/\/ubaldofernandes.com\/?s={search_term_string}\"},\"query-input\":{\"@type\":\"PropertyValueSpecification\",\"valueRequired\":true,\"valueName\":\"search_term_string\"}}],\"inLanguage\":\"pt-BR\"}]}<\/script>\n<!-- \/ Yoast SEO plugin. -->","yoast_head_json":{"title":"Ubaldo \u00e9 homenageado como Parlamentar do Ano da Regi\u00e3o do Trair\u00ed - Ubaldo Fernandes","robots":{"index":"index","follow":"follow","max-snippet":"max-snippet:-1","max-image-preview":"max-image-preview:large","max-video-preview":"max-video-preview:-1"},"canonical":"https:\/\/ubaldofernandes.com\/index.php\/news\/ubaldo-e-homenageado-como-parlamentar-do-ano-da-regiao-do-trairi\/","og_locale":"pt_BR","og_type":"article","og_title":"Ubaldo \u00e9 homenageado como Parlamentar do Ano da Regi\u00e3o do Trair\u00ed - Ubaldo Fernandes","og_description":"Uma noite marcada por emo\u00e7\u00e3o e gratid\u00e3o. Assim foi a celebra\u00e7\u00e3o dos 50 anos da tradicional \u201cFesta das Personalidades\u201d, em Santa Cruz, que este ano reconheceu o deputado estadual Ubaldo Fernandes como Parlamentar do Ano da Regi\u00e3o do Trair\u00ed. Natural de Tangar\u00e1, Ubaldo \u00e9 filho da regi\u00e3o e tem direcionado grande parte de sua atua\u00e7\u00e3o [&hellip;]","og_url":"https:\/\/ubaldofernandes.com\/index.php\/news\/ubaldo-e-homenageado-como-parlamentar-do-ano-da-regiao-do-trairi\/","og_site_name":"Ubaldo Fernandes","article_modified_time":"2025-09-01T20:02:37+00:00","og_image":[{"width":1200,"height":1600,"url":"https:\/\/ubaldofernandes.com\/wp-content\/uploads\/2025\/09\/WhatsApp-Image-2025-08-31-at-11.39.29.jpeg","type":"image\/jpeg"}],"twitter_card":"summary_large_image","twitter_misc":{"Est. tempo de leitura":"2 minutos"},"schema":{"@context":"https:\/\/schema.org","@graph":[{"@type":"WebPage","@id":"https:\/\/ubaldofernandes.com\/index.php\/news\/ubaldo-e-homenageado-como-parlamentar-do-ano-da-regiao-do-trairi\/","url":"https:\/\/ubaldofernandes.com\/index.php\/news\/ubaldo-e-homenageado-como-parlamentar-do-ano-da-regiao-do-trairi\/","name":"Ubaldo \u00e9 homenageado como Parlamentar do Ano da Regi\u00e3o do Trair\u00ed - Ubaldo Fernandes","isPartOf":{"@id":"https:\/\/ubaldofernandes.com\/#website"},"primaryImageOfPage":{"@id":"https:\/\/ubaldofernandes.com\/index.php\/news\/ubaldo-e-homenageado-como-parlamentar-do-ano-da-regiao-do-trairi\/#primaryimage"},"image":{"@id":"https:\/\/ubaldofernandes.com\/index.php\/news\/ubaldo-e-homenageado-como-parlamentar-do-ano-da-regiao-do-trairi\/#primaryimage"},"thumbnailUrl":"https:\/\/ubaldofernandes.com\/wp-content\/uploads\/2025\/09\/WhatsApp-Image-2025-08-31-at-11.39.29.jpeg","datePublished":"2025-09-01T20:02:36+00:00","dateModified":"2025-09-01T20:02:37+00:00","breadcrumb":{"@id":"https:\/\/ubaldofernandes.com\/index.php\/news\/ubaldo-e-homenageado-como-parlamentar-do-ano-da-regiao-do-trairi\/#breadcrumb"},"inLanguage":"pt-BR","potentialAction":[{"@type":"ReadAction","target":["https:\/\/ubaldofernandes.com\/index.php\/news\/ubaldo-e-homenageado-como-parlamentar-do-ano-da-regiao-do-trairi\/"]}]},{"@type":"ImageObject","inLanguage":"pt-BR","@id":"https:\/\/ubaldofernandes.com\/index.php\/news\/ubaldo-e-homenageado-como-parlamentar-do-ano-da-regiao-do-trairi\/#primaryimage","url":"https:\/\/ubaldofernandes.com\/wp-content\/uploads\/2025\/09\/WhatsApp-Image-2025-08-31-at-11.39.29.jpeg","contentUrl":"https:\/\/ubaldofernandes.com\/wp-content\/uploads\/2025\/09\/WhatsApp-Image-2025-08-31-at-11.39.29.jpeg","width":1200,"height":1600},{"@type":"BreadcrumbList","@id":"https:\/\/ubaldofernandes.com\/index.php\/news\/ubaldo-e-homenageado-como-parlamentar-do-ano-da-regiao-do-trairi\/#breadcrumb","itemListElement":[{"@type":"ListItem","position":1,"name":"In\u00edcio","item":"https:\/\/ubaldofernandes.com\/"},{"@type":"ListItem","position":2,"name":"Not\u00edcias","item":"https:\/\/ubaldofernandes.com\/index.php\/news\/"},{"@type":"ListItem","position":3,"name":"Ubaldo \u00e9 homenageado como Parlamentar do Ano da Regi\u00e3o do Trair\u00ed"}]},{"@type":"WebSite","@id":"https:\/\/ubaldofernandes.com\/#website","url":"https:\/\/ubaldofernandes.com\/","name":"Ubaldo Fernandes","description":"Deputado Estadual","potentialAction":[{"@type":"SearchAction","target":{"@type":"EntryPoint","urlTemplate":"https:\/\/ubaldofernandes.com\/?s={search_term_string}"},"query-input":{"@type":"PropertyValueSpecification","valueRequired":true,"valueName":"search_term_string"}}],"inLanguage":"pt-BR"}]}},"_links":{"self":[{"href":"https:\/\/ubaldofernandes.com\/index.php\/wp-json\/wp\/v2\/news\/7990","targetHints":{"allow":["GET"]}}],"collection":[{"href":"https:\/\/ubaldofernandes.com\/index.php\/wp-json\/wp\/v2\/news"}],"about":[{"href":"https:\/\/ubaldofernandes.com\/index.php\/wp-json\/wp\/v2\/types\/news"}],"wp:featuredmedia":[{"embeddable":true,"href":"https:\/\/ubaldofernandes.com\/index.php\/wp-json\/wp\/v2\/media\/7991"}],"wp:attachment":[{"href":"https:\/\/ubaldofernandes.com\/index.php\/wp-json\/wp\/v2\/media?parent=7990"}],"curies":[{"name":"wp","href":"https:\/\/api.w.org\/{rel}","templated":true}]}}