{"id":7993,"date":"2025-09-04T10:06:54","date_gmt":"2025-09-04T13:06:54","guid":{"rendered":"https:\/\/ubaldofernandes.com\/?post_type=news&#038;p=7993"},"modified":"2025-09-04T10:06:56","modified_gmt":"2025-09-04T13:06:56","slug":"rocas-celebra-aniversario-em-03-de-setembro-e-inicia-festa-das-rocas-2025-com-programacao-cultural-e-solidaria","status":"publish","type":"news","link":"https:\/\/ubaldofernandes.com\/index.php\/news\/rocas-celebra-aniversario-em-03-de-setembro-e-inicia-festa-das-rocas-2025-com-programacao-cultural-e-solidaria\/","title":{"rendered":"Rocas celebra anivers\u00e1rio em 03 de setembro e inicia Festa das Rocas 2025 com programa\u00e7\u00e3o cultural e solid\u00e1ria"},"content":{"rendered":"\n<p>Nesta ter\u00e7a-feira, 03 de setembro, o bairro das Rocas celebra oficialmente seu anivers\u00e1rio, institu\u00eddo pela Lei Municipal n\u00ba 6.810\/2018, de autoria do deputado estadual Ubaldo Fernandes, quando ainda exercia o mandato de vereador em Natal. Na aus\u00eancia de uma data oficial definida por historiadores, a escolha recaiu sobre uma data simb\u00f3lica e hist\u00f3rica: a posse do filho ilustre do bairro, Caf\u00e9 Filho, como presidente da Rep\u00fablica, marcando a import\u00e2ncia da comunidade na hist\u00f3ria de Natal e do Brasil.<\/p>\n\n\n\n<p>Para celebrar, a comunidade d\u00e1 in\u00edcio \u00e0 Festa das Rocas 2025, um m\u00eas inteiro de atividades que combinam m\u00fasica, esporte, f\u00e9 e solidariedade. A abertura oficial ser\u00e1 no pr\u00f3ximo s\u00e1bado, 06 de setembro, com o evento \u201cVem Curtir Nosso Pagode\u201d, no P\u00e1tio da Feira, a partir das 17h, com mais de oito horas de shows que re\u00fanem grandes nomes: Pagode Vem Curtir, Nossa Simpatia, C\u00e9sar Soanata, Fernandinho Santiago, Samba A4, Rodney Sambacom, Pagode SOS e DJ Oliver. O evento tamb\u00e9m ter\u00e1 car\u00e1ter solid\u00e1rio, com a arrecada\u00e7\u00e3o de 1kg de alimento n\u00e3o perec\u00edvel de cada participante, destinado a fam\u00edlias em situa\u00e7\u00e3o de vulnerabilidade na comunidade.<\/p>\n\n\n\n<p>Promovida em parceria entre o deputado estadual Ubaldo Fernandes e os vereadores Herberth Sena e Eribaldo Medeiros, a Festa das Rocas 2025 reafirma a tradi\u00e7\u00e3o, cultura e solidariedade do bairro, proporcionando entretenimento e inclus\u00e3o social para todas as idades e celebrando a hist\u00f3ria de uma comunidade que \u00e9 refer\u00eancia na capital potiguar.<\/p>\n\n\n\n<p>PROGRAMA\u00c7\u00c3O<br>\u2022 06 de setembro \u2013 Vem Curtir nosso Pagode, no P\u00e1tio da Feira.<br>\u2022 13 de setembro \u2013 Torneio Esportivo 1\u00d71, na Quadra das Rocas.<br>\u2022 14 de setembro \u2013 Missa de Anivers\u00e1rio do Bairro, na Par\u00f3quia da Sagrada Fam\u00edlia.<br>\u2022 19 de setembro \u2013 Desfile C\u00edvico pelas ruas do bairro, reunindo escolas e institui\u00e7\u00f5es locais.<br>\u2022 20 de setembro \u2013 Pela manh\u00e3, A\u00e7\u00e3o Social na Escola Estadual Caf\u00e9 Filho; \u00e0 tarde, aula de zumba no projeto Rocas em Movimento, na quadra da comunidade.<br>\u2022 21 de setembro \u2013 Torneio Projeto Lila &amp; Celino, na Pra\u00e7a Luiz Raimundo de Souza.<br>\u2022 24 de setembro \u2013 Sess\u00e3o Solene na Assembleia Legislativa, em homenagem ao bairro.<br>\u2022 25 de setembro \u2013 Roda de Conversa com o jornalista Ciro Pedroza, na Pra\u00e7a Irm\u00e3 Vit\u00f3ria.<br>\u2022 26 de setembro \u2013 Culto Evang\u00e9lico, na Pra\u00e7a Luiz Raimundo de Souza.<br>\u2022 27 de setembro \u2013 Festa de Encerramento, no P\u00e1tio da Feira, a partir das 19h, com shows de Babado Novo, Erika Silva, Banda Pretta e Soanata.<\/p>\n","protected":false},"featured_media":0,"parent":0,"template":"","class_list":["post-7993","news","type-news","status-publish","hentry"],"acf":[],"yoast_head":"<!-- This site is optimized with the Yoast SEO plugin v24.6 - https:\/\/yoast.com\/wordpress\/plugins\/seo\/ -->\n<title>Rocas celebra anivers\u00e1rio em 03 de setembro e inicia Festa das Rocas 2025 com programa\u00e7\u00e3o cultural e solid\u00e1ria - Ubaldo Fernandes<\/title>\n<meta name=\"robots\" content=\"index, follow, max-snippet:-1, max-image-preview:large, max-video-preview:-1\" \/>\n<link rel=\"canonical\" href=\"https:\/\/ubaldofernandes.com\/index.php\/news\/rocas-celebra-aniversario-em-03-de-setembro-e-inicia-festa-das-rocas-2025-com-programacao-cultural-e-solidaria\/\" \/>\n<meta property=\"og:locale\" content=\"pt_BR\" \/>\n<meta property=\"og:type\" content=\"article\" \/>\n<meta property=\"og:title\" content=\"Rocas celebra anivers\u00e1rio em 03 de setembro e inicia Festa das Rocas 2025 com programa\u00e7\u00e3o cultural e solid\u00e1ria - Ubaldo Fernandes\" \/>\n<meta property=\"og:description\" content=\"Nesta ter\u00e7a-feira, 03 de setembro, o bairro das Rocas celebra oficialmente seu anivers\u00e1rio, institu\u00eddo pela Lei Municipal n\u00ba 6.810\/2018, de autoria do deputado estadual Ubaldo Fernandes, quando ainda exercia o mandato de vereador em Natal. Na aus\u00eancia de uma data oficial definida por historiadores, a escolha recaiu sobre uma data simb\u00f3lica e hist\u00f3rica: a posse [&hellip;]\" \/>\n<meta property=\"og:url\" content=\"https:\/\/ubaldofernandes.com\/index.php\/news\/rocas-celebra-aniversario-em-03-de-setembro-e-inicia-festa-das-rocas-2025-com-programacao-cultural-e-solidaria\/\" \/>\n<meta property=\"og:site_name\" content=\"Ubaldo Fernandes\" \/>\n<meta property=\"article:modified_time\" content=\"2025-09-04T13:06:56+00:00\" \/>\n<meta name=\"twitter:card\" content=\"summary_large_image\" \/>\n<meta name=\"twitter:label1\" content=\"Est. tempo de leitura\" \/>\n\t<meta name=\"twitter:data1\" content=\"3 minutos\" \/>\n<script type=\"application\/ld+json\" class=\"yoast-schema-graph\">{\"@context\":\"https:\/\/schema.org\",\"@graph\":[{\"@type\":\"WebPage\",\"@id\":\"https:\/\/ubaldofernandes.com\/index.php\/news\/rocas-celebra-aniversario-em-03-de-setembro-e-inicia-festa-das-rocas-2025-com-programacao-cultural-e-solidaria\/\",\"url\":\"https:\/\/ubaldofernandes.com\/index.php\/news\/rocas-celebra-aniversario-em-03-de-setembro-e-inicia-festa-das-rocas-2025-com-programacao-cultural-e-solidaria\/\",\"name\":\"Rocas celebra anivers\u00e1rio em 03 de setembro e inicia Festa das Rocas 2025 com programa\u00e7\u00e3o cultural e solid\u00e1ria - Ubaldo Fernandes\",\"isPartOf\":{\"@id\":\"https:\/\/ubaldofernandes.com\/#website\"},\"datePublished\":\"2025-09-04T13:06:54+00:00\",\"dateModified\":\"2025-09-04T13:06:56+00:00\",\"breadcrumb\":{\"@id\":\"https:\/\/ubaldofernandes.com\/index.php\/news\/rocas-celebra-aniversario-em-03-de-setembro-e-inicia-festa-das-rocas-2025-com-programacao-cultural-e-solidaria\/#breadcrumb\"},\"inLanguage\":\"pt-BR\",\"potentialAction\":[{\"@type\":\"ReadAction\",\"target\":[\"https:\/\/ubaldofernandes.com\/index.php\/news\/rocas-celebra-aniversario-em-03-de-setembro-e-inicia-festa-das-rocas-2025-com-programacao-cultural-e-solidaria\/\"]}]},{\"@type\":\"BreadcrumbList\",\"@id\":\"https:\/\/ubaldofernandes.com\/index.php\/news\/rocas-celebra-aniversario-em-03-de-setembro-e-inicia-festa-das-rocas-2025-com-programacao-cultural-e-solidaria\/#breadcrumb\",\"itemListElement\":[{\"@type\":\"ListItem\",\"position\":1,\"name\":\"In\u00edcio\",\"item\":\"https:\/\/ubaldofernandes.com\/\"},{\"@type\":\"ListItem\",\"position\":2,\"name\":\"Not\u00edcias\",\"item\":\"https:\/\/ubaldofernandes.com\/index.php\/news\/\"},{\"@type\":\"ListItem\",\"position\":3,\"name\":\"Rocas celebra anivers\u00e1rio em 03 de setembro e inicia Festa das Rocas 2025 com programa\u00e7\u00e3o cultural e solid\u00e1ria\"}]},{\"@type\":\"WebSite\",\"@id\":\"https:\/\/ubaldofernandes.com\/#website\",\"url\":\"https:\/\/ubaldofernandes.com\/\",\"name\":\"Ubaldo Fernandes\",\"description\":\"Deputado Estadual\",\"potentialAction\":[{\"@type\":\"SearchAction\",\"target\":{\"@type\":\"EntryPoint\",\"urlTemplate\":\"https:\/\/ubaldofernandes.com\/?s={search_term_string}\"},\"query-input\":{\"@type\":\"PropertyValueSpecification\",\"valueRequired\":true,\"valueName\":\"search_term_string\"}}],\"inLanguage\":\"pt-BR\"}]}<\/script>\n<!-- \/ Yoast SEO plugin. -->","yoast_head_json":{"title":"Rocas celebra anivers\u00e1rio em 03 de setembro e inicia Festa das Rocas 2025 com programa\u00e7\u00e3o cultural e solid\u00e1ria - Ubaldo Fernandes","robots":{"index":"index","follow":"follow","max-snippet":"max-snippet:-1","max-image-preview":"max-image-preview:large","max-video-preview":"max-video-preview:-1"},"canonical":"https:\/\/ubaldofernandes.com\/index.php\/news\/rocas-celebra-aniversario-em-03-de-setembro-e-inicia-festa-das-rocas-2025-com-programacao-cultural-e-solidaria\/","og_locale":"pt_BR","og_type":"article","og_title":"Rocas celebra anivers\u00e1rio em 03 de setembro e inicia Festa das Rocas 2025 com programa\u00e7\u00e3o cultural e solid\u00e1ria - Ubaldo Fernandes","og_description":"Nesta ter\u00e7a-feira, 03 de setembro, o bairro das Rocas celebra oficialmente seu anivers\u00e1rio, institu\u00eddo pela Lei Municipal n\u00ba 6.810\/2018, de autoria do deputado estadual Ubaldo Fernandes, quando ainda exercia o mandato de vereador em Natal. Na aus\u00eancia de uma data oficial definida por historiadores, a escolha recaiu sobre uma data simb\u00f3lica e hist\u00f3rica: a posse [&hellip;]","og_url":"https:\/\/ubaldofernandes.com\/index.php\/news\/rocas-celebra-aniversario-em-03-de-setembro-e-inicia-festa-das-rocas-2025-com-programacao-cultural-e-solidaria\/","og_site_name":"Ubaldo Fernandes","article_modified_time":"2025-09-04T13:06:56+00:00","twitter_card":"summary_large_image","twitter_misc":{"Est. tempo de leitura":"3 minutos"},"schema":{"@context":"https:\/\/schema.org","@graph":[{"@type":"WebPage","@id":"https:\/\/ubaldofernandes.com\/index.php\/news\/rocas-celebra-aniversario-em-03-de-setembro-e-inicia-festa-das-rocas-2025-com-programacao-cultural-e-solidaria\/","url":"https:\/\/ubaldofernandes.com\/index.php\/news\/rocas-celebra-aniversario-em-03-de-setembro-e-inicia-festa-das-rocas-2025-com-programacao-cultural-e-solidaria\/","name":"Rocas celebra anivers\u00e1rio em 03 de setembro e inicia Festa das Rocas 2025 com programa\u00e7\u00e3o cultural e solid\u00e1ria - Ubaldo Fernandes","isPartOf":{"@id":"https:\/\/ubaldofernandes.com\/#website"},"datePublished":"2025-09-04T13:06:54+00:00","dateModified":"2025-09-04T13:06:56+00:00","breadcrumb":{"@id":"https:\/\/ubaldofernandes.com\/index.php\/news\/rocas-celebra-aniversario-em-03-de-setembro-e-inicia-festa-das-rocas-2025-com-programacao-cultural-e-solidaria\/#breadcrumb"},"inLanguage":"pt-BR","potentialAction":[{"@type":"ReadAction","target":["https:\/\/ubaldofernandes.com\/index.php\/news\/rocas-celebra-aniversario-em-03-de-setembro-e-inicia-festa-das-rocas-2025-com-programacao-cultural-e-solidaria\/"]}]},{"@type":"BreadcrumbList","@id":"https:\/\/ubaldofernandes.com\/index.php\/news\/rocas-celebra-aniversario-em-03-de-setembro-e-inicia-festa-das-rocas-2025-com-programacao-cultural-e-solidaria\/#breadcrumb","itemListElement":[{"@type":"ListItem","position":1,"name":"In\u00edcio","item":"https:\/\/ubaldofernandes.com\/"},{"@type":"ListItem","position":2,"name":"Not\u00edcias","item":"https:\/\/ubaldofernandes.com\/index.php\/news\/"},{"@type":"ListItem","position":3,"name":"Rocas celebra anivers\u00e1rio em 03 de setembro e inicia Festa das Rocas 2025 com programa\u00e7\u00e3o cultural e solid\u00e1ria"}]},{"@type":"WebSite","@id":"https:\/\/ubaldofernandes.com\/#website","url":"https:\/\/ubaldofernandes.com\/","name":"Ubaldo Fernandes","description":"Deputado Estadual","potentialAction":[{"@type":"SearchAction","target":{"@type":"EntryPoint","urlTemplate":"https:\/\/ubaldofernandes.com\/?s={search_term_string}"},"query-input":{"@type":"PropertyValueSpecification","valueRequired":true,"valueName":"search_term_string"}}],"inLanguage":"pt-BR"}]}},"_links":{"self":[{"href":"https:\/\/ubaldofernandes.com\/index.php\/wp-json\/wp\/v2\/news\/7993","targetHints":{"allow":["GET"]}}],"collection":[{"href":"https:\/\/ubaldofernandes.com\/index.php\/wp-json\/wp\/v2\/news"}],"about":[{"href":"https:\/\/ubaldofernandes.com\/index.php\/wp-json\/wp\/v2\/types\/news"}],"wp:attachment":[{"href":"https:\/\/ubaldofernandes.com\/index.php\/wp-json\/wp\/v2\/media?parent=7993"}],"curies":[{"name":"wp","href":"https:\/\/api.w.org\/{rel}","templated":true}]}}