{"id":8114,"date":"2026-02-19T13:18:58","date_gmt":"2026-02-19T16:18:58","guid":{"rendered":"https:\/\/ubaldofernandes.com\/?post_type=news&#038;p=8114"},"modified":"2026-02-19T13:19:00","modified_gmt":"2026-02-19T16:19:00","slug":"jornalistas-elegem-ubaldo-fernandes-como-parlamentar-do-ano-na-alrn","status":"publish","type":"news","link":"https:\/\/ubaldofernandes.com\/index.php\/news\/jornalistas-elegem-ubaldo-fernandes-como-parlamentar-do-ano-na-alrn\/","title":{"rendered":"Jornalistas elegem Ubaldo Fernandes como Parlamentar do Ano na ALRN"},"content":{"rendered":"\n<p>Os jornalistas que integram o Comit\u00ea de Imprensa da Assembleia Legislativa do Rio Grande do Norte elegeram, nesta ter\u00e7a-feira (9), o deputado Ubaldo Fernandes (PSDB) como Parlamentar do Ano, em vota\u00e7\u00e3o realizada no Audit\u00f3rio Cortez Pereira. A escolha \u00e9 promovida anualmente pelo Comit\u00ea, presidido pelo jornalista Oliveira Wanderley, e reconhece o trabalho desenvolvido pelos parlamentares ao longo do ano legislativo.<\/p>\n\n\n\n<p>Dos 47 profissionais de imprensa aptos a votar, 42 compareceram. O resultado confirmou a ampla prefer\u00eancia pelo deputado Ubaldo Fernandes, que recebeu 32 votos. Em seguida, apareceram os deputados Tomba Farias (PL), com 4 votos; Divaneide Bas\u00edlio (PT), com 3; Cristiane Dantas (SDD), com 2; e Galeno Torquato (PSDB), com um voto.<\/p>\n\n\n\n<p>Ao anunciar o resultado, o presidente do Comit\u00ea de Imprensa destacou a import\u00e2ncia da escolha para o fortalecimento da atividade parlamentar e para a rela\u00e7\u00e3o entre a Casa Legislativa e os profissionais de comunica\u00e7\u00e3o. \u201cOs jornalistas votaram e elegeram o deputado Ubaldo Fernandes como Parlamentar do Ano. Uma honraria que representa o reconhecimento pelo trabalho desenvolvido durante o ano\u201d, afirmou Oliveira Wanderley.<\/p>\n\n\n\n<p>Emocionado, Ubaldo Fernandes agradeceu a confian\u00e7a e ressaltou o compromisso de seguir atuando em defesa da popula\u00e7\u00e3o potiguar. \u201cA caminhada agora \u00e9 muito maior, porque esse t\u00edtulo \u00e9 muito honroso para o parlamentar. Agrade\u00e7o ao povo do Rio Grande do Norte, \u00e0 imprensa, aos jornalistas credenciados e ao comit\u00ea por terem me escolhido Parlamentar do Ano. Continuarei trabalhando com dedica\u00e7\u00e3o e responsabilidade\u201d, declarou.<\/p>\n\n\n\n<p><strong>Tradi\u00e7\u00e3o e reconhecimento<\/strong><\/p>\n\n\n\n<p>Criado na legislatura de 1981\u20131983, durante a gest\u00e3o do ent\u00e3o presidente da Casa, ex-deputado Carlos Augusto Rosado, o Comit\u00ea de Imprensa recebeu o nome do jornalista Alexis Gurgel, um dos grandes nomes do jornalismo potiguar. O primeiro parlamentar homenageado foi o ex-deputado Roberto Furtado, em 1982, marcando o in\u00edcio de uma tradi\u00e7\u00e3o que valoriza a atua\u00e7\u00e3o pol\u00edtica e fortalece a rela\u00e7\u00e3o entre o Legislativo e a imprensa.<\/p>\n\n\n\n<p>A escolha do Parlamentar do Ano reafirma a import\u00e2ncia do di\u00e1logo transparente, do trabalho legislativo comprometido e da imprensa como ponte entre o Parlamento e a sociedade.<\/p>\n","protected":false},"featured_media":8115,"parent":0,"template":"","class_list":["post-8114","news","type-news","status-publish","has-post-thumbnail","hentry"],"acf":[],"yoast_head":"<!-- This site is optimized with the Yoast SEO plugin v24.6 - https:\/\/yoast.com\/wordpress\/plugins\/seo\/ -->\n<title>Jornalistas elegem Ubaldo Fernandes como Parlamentar do Ano na ALRN - Ubaldo Fernandes<\/title>\n<meta name=\"robots\" content=\"index, follow, max-snippet:-1, max-image-preview:large, max-video-preview:-1\" \/>\n<link rel=\"canonical\" href=\"https:\/\/ubaldofernandes.com\/index.php\/news\/jornalistas-elegem-ubaldo-fernandes-como-parlamentar-do-ano-na-alrn\/\" \/>\n<meta property=\"og:locale\" content=\"pt_BR\" \/>\n<meta property=\"og:type\" content=\"article\" \/>\n<meta property=\"og:title\" content=\"Jornalistas elegem Ubaldo Fernandes como Parlamentar do Ano na ALRN - Ubaldo Fernandes\" \/>\n<meta property=\"og:description\" content=\"Os jornalistas que integram o Comit\u00ea de Imprensa da Assembleia Legislativa do Rio Grande do Norte elegeram, nesta ter\u00e7a-feira (9), o deputado Ubaldo Fernandes (PSDB) como Parlamentar do Ano, em vota\u00e7\u00e3o realizada no Audit\u00f3rio Cortez Pereira. A escolha \u00e9 promovida anualmente pelo Comit\u00ea, presidido pelo jornalista Oliveira Wanderley, e reconhece o trabalho desenvolvido pelos parlamentares [&hellip;]\" \/>\n<meta property=\"og:url\" content=\"https:\/\/ubaldofernandes.com\/index.php\/news\/jornalistas-elegem-ubaldo-fernandes-como-parlamentar-do-ano-na-alrn\/\" \/>\n<meta property=\"og:site_name\" content=\"Ubaldo Fernandes\" \/>\n<meta property=\"article:modified_time\" content=\"2026-02-19T16:19:00+00:00\" \/>\n<meta property=\"og:image\" content=\"https:\/\/ubaldofernandes.com\/wp-content\/uploads\/2026\/02\/tHXsVCFBQvxb1FjmYJwUeV5m9dUEjFo8wh45dSju.jpg\" \/>\n\t<meta property=\"og:image:width\" content=\"1620\" \/>\n\t<meta property=\"og:image:height\" content=\"1080\" \/>\n\t<meta property=\"og:image:type\" content=\"image\/jpeg\" \/>\n<meta name=\"twitter:card\" content=\"summary_large_image\" \/>\n<meta name=\"twitter:label1\" content=\"Est. tempo de leitura\" \/>\n\t<meta name=\"twitter:data1\" content=\"3 minutos\" \/>\n<script type=\"application\/ld+json\" class=\"yoast-schema-graph\">{\"@context\":\"https:\/\/schema.org\",\"@graph\":[{\"@type\":\"WebPage\",\"@id\":\"https:\/\/ubaldofernandes.com\/index.php\/news\/jornalistas-elegem-ubaldo-fernandes-como-parlamentar-do-ano-na-alrn\/\",\"url\":\"https:\/\/ubaldofernandes.com\/index.php\/news\/jornalistas-elegem-ubaldo-fernandes-como-parlamentar-do-ano-na-alrn\/\",\"name\":\"Jornalistas elegem Ubaldo Fernandes como Parlamentar do Ano na ALRN - Ubaldo Fernandes\",\"isPartOf\":{\"@id\":\"https:\/\/ubaldofernandes.com\/#website\"},\"primaryImageOfPage\":{\"@id\":\"https:\/\/ubaldofernandes.com\/index.php\/news\/jornalistas-elegem-ubaldo-fernandes-como-parlamentar-do-ano-na-alrn\/#primaryimage\"},\"image\":{\"@id\":\"https:\/\/ubaldofernandes.com\/index.php\/news\/jornalistas-elegem-ubaldo-fernandes-como-parlamentar-do-ano-na-alrn\/#primaryimage\"},\"thumbnailUrl\":\"https:\/\/ubaldofernandes.com\/wp-content\/uploads\/2026\/02\/tHXsVCFBQvxb1FjmYJwUeV5m9dUEjFo8wh45dSju.jpg\",\"datePublished\":\"2026-02-19T16:18:58+00:00\",\"dateModified\":\"2026-02-19T16:19:00+00:00\",\"breadcrumb\":{\"@id\":\"https:\/\/ubaldofernandes.com\/index.php\/news\/jornalistas-elegem-ubaldo-fernandes-como-parlamentar-do-ano-na-alrn\/#breadcrumb\"},\"inLanguage\":\"pt-BR\",\"potentialAction\":[{\"@type\":\"ReadAction\",\"target\":[\"https:\/\/ubaldofernandes.com\/index.php\/news\/jornalistas-elegem-ubaldo-fernandes-como-parlamentar-do-ano-na-alrn\/\"]}]},{\"@type\":\"ImageObject\",\"inLanguage\":\"pt-BR\",\"@id\":\"https:\/\/ubaldofernandes.com\/index.php\/news\/jornalistas-elegem-ubaldo-fernandes-como-parlamentar-do-ano-na-alrn\/#primaryimage\",\"url\":\"https:\/\/ubaldofernandes.com\/wp-content\/uploads\/2026\/02\/tHXsVCFBQvxb1FjmYJwUeV5m9dUEjFo8wh45dSju.jpg\",\"contentUrl\":\"https:\/\/ubaldofernandes.com\/wp-content\/uploads\/2026\/02\/tHXsVCFBQvxb1FjmYJwUeV5m9dUEjFo8wh45dSju.jpg\",\"width\":1620,\"height\":1080},{\"@type\":\"BreadcrumbList\",\"@id\":\"https:\/\/ubaldofernandes.com\/index.php\/news\/jornalistas-elegem-ubaldo-fernandes-como-parlamentar-do-ano-na-alrn\/#breadcrumb\",\"itemListElement\":[{\"@type\":\"ListItem\",\"position\":1,\"name\":\"In\u00edcio\",\"item\":\"https:\/\/ubaldofernandes.com\/\"},{\"@type\":\"ListItem\",\"position\":2,\"name\":\"Not\u00edcias\",\"item\":\"https:\/\/ubaldofernandes.com\/index.php\/news\/\"},{\"@type\":\"ListItem\",\"position\":3,\"name\":\"Jornalistas elegem Ubaldo Fernandes como Parlamentar do Ano na ALRN\"}]},{\"@type\":\"WebSite\",\"@id\":\"https:\/\/ubaldofernandes.com\/#website\",\"url\":\"https:\/\/ubaldofernandes.com\/\",\"name\":\"Ubaldo Fernandes\",\"description\":\"Deputado Estadual\",\"potentialAction\":[{\"@type\":\"SearchAction\",\"target\":{\"@type\":\"EntryPoint\",\"urlTemplate\":\"https:\/\/ubaldofernandes.com\/?s={search_term_string}\"},\"query-input\":{\"@type\":\"PropertyValueSpecification\",\"valueRequired\":true,\"valueName\":\"search_term_string\"}}],\"inLanguage\":\"pt-BR\"}]}<\/script>\n<!-- \/ Yoast SEO plugin. -->","yoast_head_json":{"title":"Jornalistas elegem Ubaldo Fernandes como Parlamentar do Ano na ALRN - Ubaldo Fernandes","robots":{"index":"index","follow":"follow","max-snippet":"max-snippet:-1","max-image-preview":"max-image-preview:large","max-video-preview":"max-video-preview:-1"},"canonical":"https:\/\/ubaldofernandes.com\/index.php\/news\/jornalistas-elegem-ubaldo-fernandes-como-parlamentar-do-ano-na-alrn\/","og_locale":"pt_BR","og_type":"article","og_title":"Jornalistas elegem Ubaldo Fernandes como Parlamentar do Ano na ALRN - Ubaldo Fernandes","og_description":"Os jornalistas que integram o Comit\u00ea de Imprensa da Assembleia Legislativa do Rio Grande do Norte elegeram, nesta ter\u00e7a-feira (9), o deputado Ubaldo Fernandes (PSDB) como Parlamentar do Ano, em vota\u00e7\u00e3o realizada no Audit\u00f3rio Cortez Pereira. A escolha \u00e9 promovida anualmente pelo Comit\u00ea, presidido pelo jornalista Oliveira Wanderley, e reconhece o trabalho desenvolvido pelos parlamentares [&hellip;]","og_url":"https:\/\/ubaldofernandes.com\/index.php\/news\/jornalistas-elegem-ubaldo-fernandes-como-parlamentar-do-ano-na-alrn\/","og_site_name":"Ubaldo Fernandes","article_modified_time":"2026-02-19T16:19:00+00:00","og_image":[{"width":1620,"height":1080,"url":"https:\/\/ubaldofernandes.com\/wp-content\/uploads\/2026\/02\/tHXsVCFBQvxb1FjmYJwUeV5m9dUEjFo8wh45dSju.jpg","type":"image\/jpeg"}],"twitter_card":"summary_large_image","twitter_misc":{"Est. tempo de leitura":"3 minutos"},"schema":{"@context":"https:\/\/schema.org","@graph":[{"@type":"WebPage","@id":"https:\/\/ubaldofernandes.com\/index.php\/news\/jornalistas-elegem-ubaldo-fernandes-como-parlamentar-do-ano-na-alrn\/","url":"https:\/\/ubaldofernandes.com\/index.php\/news\/jornalistas-elegem-ubaldo-fernandes-como-parlamentar-do-ano-na-alrn\/","name":"Jornalistas elegem Ubaldo Fernandes como Parlamentar do Ano na ALRN - Ubaldo Fernandes","isPartOf":{"@id":"https:\/\/ubaldofernandes.com\/#website"},"primaryImageOfPage":{"@id":"https:\/\/ubaldofernandes.com\/index.php\/news\/jornalistas-elegem-ubaldo-fernandes-como-parlamentar-do-ano-na-alrn\/#primaryimage"},"image":{"@id":"https:\/\/ubaldofernandes.com\/index.php\/news\/jornalistas-elegem-ubaldo-fernandes-como-parlamentar-do-ano-na-alrn\/#primaryimage"},"thumbnailUrl":"https:\/\/ubaldofernandes.com\/wp-content\/uploads\/2026\/02\/tHXsVCFBQvxb1FjmYJwUeV5m9dUEjFo8wh45dSju.jpg","datePublished":"2026-02-19T16:18:58+00:00","dateModified":"2026-02-19T16:19:00+00:00","breadcrumb":{"@id":"https:\/\/ubaldofernandes.com\/index.php\/news\/jornalistas-elegem-ubaldo-fernandes-como-parlamentar-do-ano-na-alrn\/#breadcrumb"},"inLanguage":"pt-BR","potentialAction":[{"@type":"ReadAction","target":["https:\/\/ubaldofernandes.com\/index.php\/news\/jornalistas-elegem-ubaldo-fernandes-como-parlamentar-do-ano-na-alrn\/"]}]},{"@type":"ImageObject","inLanguage":"pt-BR","@id":"https:\/\/ubaldofernandes.com\/index.php\/news\/jornalistas-elegem-ubaldo-fernandes-como-parlamentar-do-ano-na-alrn\/#primaryimage","url":"https:\/\/ubaldofernandes.com\/wp-content\/uploads\/2026\/02\/tHXsVCFBQvxb1FjmYJwUeV5m9dUEjFo8wh45dSju.jpg","contentUrl":"https:\/\/ubaldofernandes.com\/wp-content\/uploads\/2026\/02\/tHXsVCFBQvxb1FjmYJwUeV5m9dUEjFo8wh45dSju.jpg","width":1620,"height":1080},{"@type":"BreadcrumbList","@id":"https:\/\/ubaldofernandes.com\/index.php\/news\/jornalistas-elegem-ubaldo-fernandes-como-parlamentar-do-ano-na-alrn\/#breadcrumb","itemListElement":[{"@type":"ListItem","position":1,"name":"In\u00edcio","item":"https:\/\/ubaldofernandes.com\/"},{"@type":"ListItem","position":2,"name":"Not\u00edcias","item":"https:\/\/ubaldofernandes.com\/index.php\/news\/"},{"@type":"ListItem","position":3,"name":"Jornalistas elegem Ubaldo Fernandes como Parlamentar do Ano na ALRN"}]},{"@type":"WebSite","@id":"https:\/\/ubaldofernandes.com\/#website","url":"https:\/\/ubaldofernandes.com\/","name":"Ubaldo Fernandes","description":"Deputado Estadual","potentialAction":[{"@type":"SearchAction","target":{"@type":"EntryPoint","urlTemplate":"https:\/\/ubaldofernandes.com\/?s={search_term_string}"},"query-input":{"@type":"PropertyValueSpecification","valueRequired":true,"valueName":"search_term_string"}}],"inLanguage":"pt-BR"}]}},"_links":{"self":[{"href":"https:\/\/ubaldofernandes.com\/index.php\/wp-json\/wp\/v2\/news\/8114","targetHints":{"allow":["GET"]}}],"collection":[{"href":"https:\/\/ubaldofernandes.com\/index.php\/wp-json\/wp\/v2\/news"}],"about":[{"href":"https:\/\/ubaldofernandes.com\/index.php\/wp-json\/wp\/v2\/types\/news"}],"wp:featuredmedia":[{"embeddable":true,"href":"https:\/\/ubaldofernandes.com\/index.php\/wp-json\/wp\/v2\/media\/8115"}],"wp:attachment":[{"href":"https:\/\/ubaldofernandes.com\/index.php\/wp-json\/wp\/v2\/media?parent=8114"}],"curies":[{"name":"wp","href":"https:\/\/api.w.org\/{rel}","templated":true}]}}