{"id":8153,"date":"2026-03-13T16:06:07","date_gmt":"2026-03-13T19:06:07","guid":{"rendered":"https:\/\/ubaldofernandes.com\/?post_type=news&#038;p=8153"},"modified":"2026-04-08T16:07:13","modified_gmt":"2026-04-08T19:07:13","slug":"deputado-ubaldo-articula-acoes-para-reduzir-deficit-habitacional-em-bento-fernandes","status":"publish","type":"news","link":"https:\/\/ubaldofernandes.com\/index.php\/news\/deputado-ubaldo-articula-acoes-para-reduzir-deficit-habitacional-em-bento-fernandes\/","title":{"rendered":"Deputado Ubaldo articula a\u00e7\u00f5es para reduzir d\u00e9ficit habitacional em Bento Fernandes"},"content":{"rendered":"\n<p>O deputado estadual Ubaldo Fernandes est\u00e1 intensificando a articula\u00e7\u00e3o institucional para buscar solu\u00e7\u00f5es ao d\u00e9ficit habitacional do munic\u00edpio de Bento Fernandes. A iniciativa faz parte do trabalho que o parlamentar j\u00e1 vem desenvolvendo em outras cidades do estado, dialogando com o Governo do Estado e buscando tamb\u00e9m viabilizar recursos federais para ampliar programas de moradia.<\/p>\n\n\n\n<p>Enquanto participava em Natal da solenidade de premia\u00e7\u00e3o promovida pela Uni\u00e3o Nacional dos Legisladores e Legislativos Estaduais, o deputado foi representado pelo assessor Hamlet em uma reuni\u00e3o na Secretaria Estadual de Planejamento com a gestora Virg\u00ednia, onde foram discutidas alternativas para atender a demanda habitacional do munic\u00edpio.<\/p>\n\n\n\n<p>Posteriormente, Ubaldo recebeu em seu gabinete lideran\u00e7as de Bento Fernandes para dar continuidade ao di\u00e1logo sobre o tema. Participaram do encontro o vereador Paulo C\u00e9sar Macedo da Fonseca, acompanhado de Ten\u00f3rio Ramos e Bartolomeu, representando a Kapta.<\/p>\n\n\n\n<p>De acordo com o parlamentar, o munic\u00edpio possui atualmente um d\u00e9ficit de aproximadamente 300 moradias. A articula\u00e7\u00e3o busca viabilizar um programa habitacional que permita a constru\u00e7\u00e3o de pelo menos 150 casas, reduzindo pela metade a demanda existente.<\/p>\n\n\n\n<p>\u201cNosso mandato tem atuado em v\u00e1rias frentes para garantir mais dignidade \u00e0s fam\u00edlias potiguares. A moradia \u00e9 uma necessidade b\u00e1sica e estamos trabalhando junto ao Governo do Estado e tamb\u00e9m buscando caminhos no \u00e2mbito federal para viabilizar esse importante projeto para Bento Fernandes\u201d, destacou o deputado.<\/p>\n\n\n\n<p>Ubaldo Fernandes afirmou ainda que segue otimista com os avan\u00e7os nas tratativas e refor\u00e7ou o compromisso do mandato em continuar buscando solu\u00e7\u00f5es que melhorem a qualidade de vida da popula\u00e7\u00e3o do interior do Rio Grande do Norte.<\/p>\n","protected":false},"featured_media":8154,"parent":0,"template":"","class_list":["post-8153","news","type-news","status-publish","has-post-thumbnail","hentry"],"acf":[],"yoast_head":"<!-- This site is optimized with the Yoast SEO plugin v24.6 - https:\/\/yoast.com\/wordpress\/plugins\/seo\/ -->\n<title>Deputado Ubaldo articula a\u00e7\u00f5es para reduzir d\u00e9ficit habitacional em Bento Fernandes - Ubaldo Fernandes<\/title>\n<meta name=\"robots\" content=\"index, follow, max-snippet:-1, max-image-preview:large, max-video-preview:-1\" \/>\n<link rel=\"canonical\" href=\"https:\/\/ubaldofernandes.com\/index.php\/news\/deputado-ubaldo-articula-acoes-para-reduzir-deficit-habitacional-em-bento-fernandes\/\" \/>\n<meta property=\"og:locale\" content=\"pt_BR\" \/>\n<meta property=\"og:type\" content=\"article\" \/>\n<meta property=\"og:title\" content=\"Deputado Ubaldo articula a\u00e7\u00f5es para reduzir d\u00e9ficit habitacional em Bento Fernandes - Ubaldo Fernandes\" \/>\n<meta property=\"og:description\" content=\"O deputado estadual Ubaldo Fernandes est\u00e1 intensificando a articula\u00e7\u00e3o institucional para buscar solu\u00e7\u00f5es ao d\u00e9ficit habitacional do munic\u00edpio de Bento Fernandes. A iniciativa faz parte do trabalho que o parlamentar j\u00e1 vem desenvolvendo em outras cidades do estado, dialogando com o Governo do Estado e buscando tamb\u00e9m viabilizar recursos federais para ampliar programas de moradia. [&hellip;]\" \/>\n<meta property=\"og:url\" content=\"https:\/\/ubaldofernandes.com\/index.php\/news\/deputado-ubaldo-articula-acoes-para-reduzir-deficit-habitacional-em-bento-fernandes\/\" \/>\n<meta property=\"og:site_name\" content=\"Ubaldo Fernandes\" \/>\n<meta property=\"article:modified_time\" content=\"2026-04-08T19:07:13+00:00\" \/>\n<meta property=\"og:image\" content=\"https:\/\/ubaldofernandes.com\/wp-content\/uploads\/2026\/04\/WhatsApp-Image-2026-04-08-at-11.28.46.jpeg\" \/>\n\t<meta property=\"og:image:width\" content=\"780\" \/>\n\t<meta property=\"og:image:height\" content=\"1040\" \/>\n\t<meta property=\"og:image:type\" content=\"image\/jpeg\" \/>\n<meta name=\"twitter:card\" content=\"summary_large_image\" \/>\n<meta name=\"twitter:label1\" content=\"Est. tempo de leitura\" \/>\n\t<meta name=\"twitter:data1\" content=\"2 minutos\" \/>\n<script type=\"application\/ld+json\" class=\"yoast-schema-graph\">{\"@context\":\"https:\/\/schema.org\",\"@graph\":[{\"@type\":\"WebPage\",\"@id\":\"https:\/\/ubaldofernandes.com\/index.php\/news\/deputado-ubaldo-articula-acoes-para-reduzir-deficit-habitacional-em-bento-fernandes\/\",\"url\":\"https:\/\/ubaldofernandes.com\/index.php\/news\/deputado-ubaldo-articula-acoes-para-reduzir-deficit-habitacional-em-bento-fernandes\/\",\"name\":\"Deputado Ubaldo articula a\u00e7\u00f5es para reduzir d\u00e9ficit habitacional em Bento Fernandes - Ubaldo Fernandes\",\"isPartOf\":{\"@id\":\"https:\/\/ubaldofernandes.com\/#website\"},\"primaryImageOfPage\":{\"@id\":\"https:\/\/ubaldofernandes.com\/index.php\/news\/deputado-ubaldo-articula-acoes-para-reduzir-deficit-habitacional-em-bento-fernandes\/#primaryimage\"},\"image\":{\"@id\":\"https:\/\/ubaldofernandes.com\/index.php\/news\/deputado-ubaldo-articula-acoes-para-reduzir-deficit-habitacional-em-bento-fernandes\/#primaryimage\"},\"thumbnailUrl\":\"https:\/\/ubaldofernandes.com\/wp-content\/uploads\/2026\/04\/WhatsApp-Image-2026-04-08-at-11.28.46.jpeg\",\"datePublished\":\"2026-03-13T19:06:07+00:00\",\"dateModified\":\"2026-04-08T19:07:13+00:00\",\"breadcrumb\":{\"@id\":\"https:\/\/ubaldofernandes.com\/index.php\/news\/deputado-ubaldo-articula-acoes-para-reduzir-deficit-habitacional-em-bento-fernandes\/#breadcrumb\"},\"inLanguage\":\"pt-BR\",\"potentialAction\":[{\"@type\":\"ReadAction\",\"target\":[\"https:\/\/ubaldofernandes.com\/index.php\/news\/deputado-ubaldo-articula-acoes-para-reduzir-deficit-habitacional-em-bento-fernandes\/\"]}]},{\"@type\":\"ImageObject\",\"inLanguage\":\"pt-BR\",\"@id\":\"https:\/\/ubaldofernandes.com\/index.php\/news\/deputado-ubaldo-articula-acoes-para-reduzir-deficit-habitacional-em-bento-fernandes\/#primaryimage\",\"url\":\"https:\/\/ubaldofernandes.com\/wp-content\/uploads\/2026\/04\/WhatsApp-Image-2026-04-08-at-11.28.46.jpeg\",\"contentUrl\":\"https:\/\/ubaldofernandes.com\/wp-content\/uploads\/2026\/04\/WhatsApp-Image-2026-04-08-at-11.28.46.jpeg\",\"width\":780,\"height\":1040},{\"@type\":\"BreadcrumbList\",\"@id\":\"https:\/\/ubaldofernandes.com\/index.php\/news\/deputado-ubaldo-articula-acoes-para-reduzir-deficit-habitacional-em-bento-fernandes\/#breadcrumb\",\"itemListElement\":[{\"@type\":\"ListItem\",\"position\":1,\"name\":\"In\u00edcio\",\"item\":\"https:\/\/ubaldofernandes.com\/\"},{\"@type\":\"ListItem\",\"position\":2,\"name\":\"Not\u00edcias\",\"item\":\"https:\/\/ubaldofernandes.com\/index.php\/news\/\"},{\"@type\":\"ListItem\",\"position\":3,\"name\":\"Deputado Ubaldo articula a\u00e7\u00f5es para reduzir d\u00e9ficit habitacional em Bento Fernandes\"}]},{\"@type\":\"WebSite\",\"@id\":\"https:\/\/ubaldofernandes.com\/#website\",\"url\":\"https:\/\/ubaldofernandes.com\/\",\"name\":\"Ubaldo Fernandes\",\"description\":\"Deputado Estadual\",\"potentialAction\":[{\"@type\":\"SearchAction\",\"target\":{\"@type\":\"EntryPoint\",\"urlTemplate\":\"https:\/\/ubaldofernandes.com\/?s={search_term_string}\"},\"query-input\":{\"@type\":\"PropertyValueSpecification\",\"valueRequired\":true,\"valueName\":\"search_term_string\"}}],\"inLanguage\":\"pt-BR\"}]}<\/script>\n<!-- \/ Yoast SEO plugin. -->","yoast_head_json":{"title":"Deputado Ubaldo articula a\u00e7\u00f5es para reduzir d\u00e9ficit habitacional em Bento Fernandes - Ubaldo Fernandes","robots":{"index":"index","follow":"follow","max-snippet":"max-snippet:-1","max-image-preview":"max-image-preview:large","max-video-preview":"max-video-preview:-1"},"canonical":"https:\/\/ubaldofernandes.com\/index.php\/news\/deputado-ubaldo-articula-acoes-para-reduzir-deficit-habitacional-em-bento-fernandes\/","og_locale":"pt_BR","og_type":"article","og_title":"Deputado Ubaldo articula a\u00e7\u00f5es para reduzir d\u00e9ficit habitacional em Bento Fernandes - Ubaldo Fernandes","og_description":"O deputado estadual Ubaldo Fernandes est\u00e1 intensificando a articula\u00e7\u00e3o institucional para buscar solu\u00e7\u00f5es ao d\u00e9ficit habitacional do munic\u00edpio de Bento Fernandes. A iniciativa faz parte do trabalho que o parlamentar j\u00e1 vem desenvolvendo em outras cidades do estado, dialogando com o Governo do Estado e buscando tamb\u00e9m viabilizar recursos federais para ampliar programas de moradia. [&hellip;]","og_url":"https:\/\/ubaldofernandes.com\/index.php\/news\/deputado-ubaldo-articula-acoes-para-reduzir-deficit-habitacional-em-bento-fernandes\/","og_site_name":"Ubaldo Fernandes","article_modified_time":"2026-04-08T19:07:13+00:00","og_image":[{"width":780,"height":1040,"url":"https:\/\/ubaldofernandes.com\/wp-content\/uploads\/2026\/04\/WhatsApp-Image-2026-04-08-at-11.28.46.jpeg","type":"image\/jpeg"}],"twitter_card":"summary_large_image","twitter_misc":{"Est. tempo de leitura":"2 minutos"},"schema":{"@context":"https:\/\/schema.org","@graph":[{"@type":"WebPage","@id":"https:\/\/ubaldofernandes.com\/index.php\/news\/deputado-ubaldo-articula-acoes-para-reduzir-deficit-habitacional-em-bento-fernandes\/","url":"https:\/\/ubaldofernandes.com\/index.php\/news\/deputado-ubaldo-articula-acoes-para-reduzir-deficit-habitacional-em-bento-fernandes\/","name":"Deputado Ubaldo articula a\u00e7\u00f5es para reduzir d\u00e9ficit habitacional em Bento Fernandes - Ubaldo Fernandes","isPartOf":{"@id":"https:\/\/ubaldofernandes.com\/#website"},"primaryImageOfPage":{"@id":"https:\/\/ubaldofernandes.com\/index.php\/news\/deputado-ubaldo-articula-acoes-para-reduzir-deficit-habitacional-em-bento-fernandes\/#primaryimage"},"image":{"@id":"https:\/\/ubaldofernandes.com\/index.php\/news\/deputado-ubaldo-articula-acoes-para-reduzir-deficit-habitacional-em-bento-fernandes\/#primaryimage"},"thumbnailUrl":"https:\/\/ubaldofernandes.com\/wp-content\/uploads\/2026\/04\/WhatsApp-Image-2026-04-08-at-11.28.46.jpeg","datePublished":"2026-03-13T19:06:07+00:00","dateModified":"2026-04-08T19:07:13+00:00","breadcrumb":{"@id":"https:\/\/ubaldofernandes.com\/index.php\/news\/deputado-ubaldo-articula-acoes-para-reduzir-deficit-habitacional-em-bento-fernandes\/#breadcrumb"},"inLanguage":"pt-BR","potentialAction":[{"@type":"ReadAction","target":["https:\/\/ubaldofernandes.com\/index.php\/news\/deputado-ubaldo-articula-acoes-para-reduzir-deficit-habitacional-em-bento-fernandes\/"]}]},{"@type":"ImageObject","inLanguage":"pt-BR","@id":"https:\/\/ubaldofernandes.com\/index.php\/news\/deputado-ubaldo-articula-acoes-para-reduzir-deficit-habitacional-em-bento-fernandes\/#primaryimage","url":"https:\/\/ubaldofernandes.com\/wp-content\/uploads\/2026\/04\/WhatsApp-Image-2026-04-08-at-11.28.46.jpeg","contentUrl":"https:\/\/ubaldofernandes.com\/wp-content\/uploads\/2026\/04\/WhatsApp-Image-2026-04-08-at-11.28.46.jpeg","width":780,"height":1040},{"@type":"BreadcrumbList","@id":"https:\/\/ubaldofernandes.com\/index.php\/news\/deputado-ubaldo-articula-acoes-para-reduzir-deficit-habitacional-em-bento-fernandes\/#breadcrumb","itemListElement":[{"@type":"ListItem","position":1,"name":"In\u00edcio","item":"https:\/\/ubaldofernandes.com\/"},{"@type":"ListItem","position":2,"name":"Not\u00edcias","item":"https:\/\/ubaldofernandes.com\/index.php\/news\/"},{"@type":"ListItem","position":3,"name":"Deputado Ubaldo articula a\u00e7\u00f5es para reduzir d\u00e9ficit habitacional em Bento Fernandes"}]},{"@type":"WebSite","@id":"https:\/\/ubaldofernandes.com\/#website","url":"https:\/\/ubaldofernandes.com\/","name":"Ubaldo Fernandes","description":"Deputado Estadual","potentialAction":[{"@type":"SearchAction","target":{"@type":"EntryPoint","urlTemplate":"https:\/\/ubaldofernandes.com\/?s={search_term_string}"},"query-input":{"@type":"PropertyValueSpecification","valueRequired":true,"valueName":"search_term_string"}}],"inLanguage":"pt-BR"}]}},"_links":{"self":[{"href":"https:\/\/ubaldofernandes.com\/index.php\/wp-json\/wp\/v2\/news\/8153","targetHints":{"allow":["GET"]}}],"collection":[{"href":"https:\/\/ubaldofernandes.com\/index.php\/wp-json\/wp\/v2\/news"}],"about":[{"href":"https:\/\/ubaldofernandes.com\/index.php\/wp-json\/wp\/v2\/types\/news"}],"wp:featuredmedia":[{"embeddable":true,"href":"https:\/\/ubaldofernandes.com\/index.php\/wp-json\/wp\/v2\/media\/8154"}],"wp:attachment":[{"href":"https:\/\/ubaldofernandes.com\/index.php\/wp-json\/wp\/v2\/media?parent=8153"}],"curies":[{"name":"wp","href":"https:\/\/api.w.org\/{rel}","templated":true}]}}