{"id":8155,"date":"2026-03-17T16:07:38","date_gmt":"2026-03-17T19:07:38","guid":{"rendered":"https:\/\/ubaldofernandes.com\/?post_type=news&#038;p=8155"},"modified":"2026-04-08T16:33:48","modified_gmt":"2026-04-08T19:33:48","slug":"ubaldo-avanca-com-mais-um-projeto-voltado-a-inclusao-de-pessoas-com-deficiencia-na-ccj","status":"publish","type":"news","link":"https:\/\/ubaldofernandes.com\/index.php\/news\/ubaldo-avanca-com-mais-um-projeto-voltado-a-inclusao-de-pessoas-com-deficiencia-na-ccj\/","title":{"rendered":"Ubaldo avan\u00e7a com mais um projeto voltado \u00e0 inclus\u00e3o de pessoas com defici\u00eancia na CCJ"},"content":{"rendered":"\n<p>O deputado estadual Ubaldo Fernandes teve importantes projetos de sua autoria aprovados na Comiss\u00e3o de Constitui\u00e7\u00e3o, Justi\u00e7a e Reda\u00e7\u00e3o (CCJ) da Assembleia Legislativa do Rio Grande do Norte, durante reuni\u00e3o realizada nesta ter\u00e7a-feira (17). Entre as mat\u00e9rias, o destaque \u00e9 o Projeto de Lei n\u00ba 52\/2026, que une a pauta da causa animal \u00e0 promo\u00e7\u00e3o da inclus\u00e3o social.<\/p>\n\n\n\n<p>A proposta institui a Pol\u00edtica Estadual de Incentivo \u00e0 Forma\u00e7\u00e3o de C\u00e3es-Guia para Pessoas com Defici\u00eancia Visual, com o objetivo de ampliar a autonomia, a mobilidade e a qualidade de vida desse p\u00fablico, ao mesmo tempo em que fortalece a\u00e7\u00f5es respons\u00e1veis voltadas ao cuidado e treinamento de animais.<\/p>\n\n\n\n<p>Al\u00e9m dessa iniciativa, tamb\u00e9m foi aprovado o Projeto de Lei n\u00ba 50\/2026, que reconhece como patrim\u00f4nio cultural, imaterial, tur\u00edstico e econ\u00f4mico a \u201cTrilha Amigos de Fernando Pedroza\u201d, valorizando uma importante a\u00e7\u00e3o que impulsiona o turismo e a identidade cultural do munic\u00edpio.<\/p>\n\n\n\n<p>Na \u00e1rea social, o parlamentar tamb\u00e9m teve aprovados projetos que reconhecem como de utilidade p\u00fablica estadual entidades que desenvolvem trabalhos relevantes em suas comunidades: a Associa\u00e7\u00e3o de Apoio Social, Cultural e Esporte P\u00e9 de Serra, de Serra Caiada (PL n\u00ba 603\/2025); o Gr\u00eamio Recreativo Escola de Samba Grande Rio do Norte (PL n\u00ba 21\/2026); e a Associa\u00e7\u00e3o dos Produtores de Trapi\u00e1 1, no munic\u00edpio de Angicos (PL n\u00ba 12\/2026).<\/p>\n\n\n\n<p>Para Ubaldo Fernandes, as aprova\u00e7\u00f5es refor\u00e7am o compromisso do mandato com causas essenciais para a sociedade. \u201cEstamos trabalhando para garantir mais inclus\u00e3o, apoiar a causa animal, fortalecer nossas entidades e valorizar a cultura e o potencial dos munic\u00edpios do nosso estado\u201d, destacou.<\/p>\n\n\n\n<p>As mat\u00e9rias seguem agora para tramita\u00e7\u00e3o nas demais comiss\u00f5es da Casa Legislativa.<\/p>\n","protected":false},"featured_media":8156,"parent":0,"template":"","class_list":["post-8155","news","type-news","status-publish","has-post-thumbnail","hentry"],"acf":[],"yoast_head":"<!-- This site is optimized with the Yoast SEO plugin v24.6 - https:\/\/yoast.com\/wordpress\/plugins\/seo\/ -->\n<title>Ubaldo avan\u00e7a com mais um projeto voltado \u00e0 inclus\u00e3o de pessoas com defici\u00eancia na CCJ - Ubaldo Fernandes<\/title>\n<meta name=\"robots\" content=\"index, follow, max-snippet:-1, max-image-preview:large, max-video-preview:-1\" \/>\n<link rel=\"canonical\" href=\"https:\/\/ubaldofernandes.com\/index.php\/news\/ubaldo-avanca-com-mais-um-projeto-voltado-a-inclusao-de-pessoas-com-deficiencia-na-ccj\/\" \/>\n<meta property=\"og:locale\" content=\"pt_BR\" \/>\n<meta property=\"og:type\" content=\"article\" \/>\n<meta property=\"og:title\" content=\"Ubaldo avan\u00e7a com mais um projeto voltado \u00e0 inclus\u00e3o de pessoas com defici\u00eancia na CCJ - Ubaldo Fernandes\" \/>\n<meta property=\"og:description\" content=\"O deputado estadual Ubaldo Fernandes teve importantes projetos de sua autoria aprovados na Comiss\u00e3o de Constitui\u00e7\u00e3o, Justi\u00e7a e Reda\u00e7\u00e3o (CCJ) da Assembleia Legislativa do Rio Grande do Norte, durante reuni\u00e3o realizada nesta ter\u00e7a-feira (17). Entre as mat\u00e9rias, o destaque \u00e9 o Projeto de Lei n\u00ba 52\/2026, que une a pauta da causa animal \u00e0 promo\u00e7\u00e3o [&hellip;]\" \/>\n<meta property=\"og:url\" content=\"https:\/\/ubaldofernandes.com\/index.php\/news\/ubaldo-avanca-com-mais-um-projeto-voltado-a-inclusao-de-pessoas-com-deficiencia-na-ccj\/\" \/>\n<meta property=\"og:site_name\" content=\"Ubaldo Fernandes\" \/>\n<meta property=\"article:modified_time\" content=\"2026-04-08T19:33:48+00:00\" \/>\n<meta property=\"og:image\" content=\"https:\/\/ubaldofernandes.com\/wp-content\/uploads\/2026\/04\/WhatsApp-Image-2026-04-08-at-11.28.47.jpeg\" \/>\n\t<meta property=\"og:image:width\" content=\"1280\" \/>\n\t<meta property=\"og:image:height\" content=\"853\" \/>\n\t<meta property=\"og:image:type\" content=\"image\/jpeg\" \/>\n<meta name=\"twitter:card\" content=\"summary_large_image\" \/>\n<meta name=\"twitter:label1\" content=\"Est. tempo de leitura\" \/>\n\t<meta name=\"twitter:data1\" content=\"2 minutos\" \/>\n<script type=\"application\/ld+json\" class=\"yoast-schema-graph\">{\"@context\":\"https:\/\/schema.org\",\"@graph\":[{\"@type\":\"WebPage\",\"@id\":\"https:\/\/ubaldofernandes.com\/index.php\/news\/ubaldo-avanca-com-mais-um-projeto-voltado-a-inclusao-de-pessoas-com-deficiencia-na-ccj\/\",\"url\":\"https:\/\/ubaldofernandes.com\/index.php\/news\/ubaldo-avanca-com-mais-um-projeto-voltado-a-inclusao-de-pessoas-com-deficiencia-na-ccj\/\",\"name\":\"Ubaldo avan\u00e7a com mais um projeto voltado \u00e0 inclus\u00e3o de pessoas com defici\u00eancia na CCJ - Ubaldo Fernandes\",\"isPartOf\":{\"@id\":\"https:\/\/ubaldofernandes.com\/#website\"},\"primaryImageOfPage\":{\"@id\":\"https:\/\/ubaldofernandes.com\/index.php\/news\/ubaldo-avanca-com-mais-um-projeto-voltado-a-inclusao-de-pessoas-com-deficiencia-na-ccj\/#primaryimage\"},\"image\":{\"@id\":\"https:\/\/ubaldofernandes.com\/index.php\/news\/ubaldo-avanca-com-mais-um-projeto-voltado-a-inclusao-de-pessoas-com-deficiencia-na-ccj\/#primaryimage\"},\"thumbnailUrl\":\"https:\/\/ubaldofernandes.com\/wp-content\/uploads\/2026\/04\/WhatsApp-Image-2026-04-08-at-11.28.47.jpeg\",\"datePublished\":\"2026-03-17T19:07:38+00:00\",\"dateModified\":\"2026-04-08T19:33:48+00:00\",\"breadcrumb\":{\"@id\":\"https:\/\/ubaldofernandes.com\/index.php\/news\/ubaldo-avanca-com-mais-um-projeto-voltado-a-inclusao-de-pessoas-com-deficiencia-na-ccj\/#breadcrumb\"},\"inLanguage\":\"pt-BR\",\"potentialAction\":[{\"@type\":\"ReadAction\",\"target\":[\"https:\/\/ubaldofernandes.com\/index.php\/news\/ubaldo-avanca-com-mais-um-projeto-voltado-a-inclusao-de-pessoas-com-deficiencia-na-ccj\/\"]}]},{\"@type\":\"ImageObject\",\"inLanguage\":\"pt-BR\",\"@id\":\"https:\/\/ubaldofernandes.com\/index.php\/news\/ubaldo-avanca-com-mais-um-projeto-voltado-a-inclusao-de-pessoas-com-deficiencia-na-ccj\/#primaryimage\",\"url\":\"https:\/\/ubaldofernandes.com\/wp-content\/uploads\/2026\/04\/WhatsApp-Image-2026-04-08-at-11.28.47.jpeg\",\"contentUrl\":\"https:\/\/ubaldofernandes.com\/wp-content\/uploads\/2026\/04\/WhatsApp-Image-2026-04-08-at-11.28.47.jpeg\",\"width\":1280,\"height\":853},{\"@type\":\"BreadcrumbList\",\"@id\":\"https:\/\/ubaldofernandes.com\/index.php\/news\/ubaldo-avanca-com-mais-um-projeto-voltado-a-inclusao-de-pessoas-com-deficiencia-na-ccj\/#breadcrumb\",\"itemListElement\":[{\"@type\":\"ListItem\",\"position\":1,\"name\":\"In\u00edcio\",\"item\":\"https:\/\/ubaldofernandes.com\/\"},{\"@type\":\"ListItem\",\"position\":2,\"name\":\"Not\u00edcias\",\"item\":\"https:\/\/ubaldofernandes.com\/index.php\/news\/\"},{\"@type\":\"ListItem\",\"position\":3,\"name\":\"Ubaldo avan\u00e7a com mais um projeto voltado \u00e0 inclus\u00e3o de pessoas com defici\u00eancia na CCJ\"}]},{\"@type\":\"WebSite\",\"@id\":\"https:\/\/ubaldofernandes.com\/#website\",\"url\":\"https:\/\/ubaldofernandes.com\/\",\"name\":\"Ubaldo Fernandes\",\"description\":\"Deputado Estadual\",\"potentialAction\":[{\"@type\":\"SearchAction\",\"target\":{\"@type\":\"EntryPoint\",\"urlTemplate\":\"https:\/\/ubaldofernandes.com\/?s={search_term_string}\"},\"query-input\":{\"@type\":\"PropertyValueSpecification\",\"valueRequired\":true,\"valueName\":\"search_term_string\"}}],\"inLanguage\":\"pt-BR\"}]}<\/script>\n<!-- \/ Yoast SEO plugin. -->","yoast_head_json":{"title":"Ubaldo avan\u00e7a com mais um projeto voltado \u00e0 inclus\u00e3o de pessoas com defici\u00eancia na CCJ - Ubaldo Fernandes","robots":{"index":"index","follow":"follow","max-snippet":"max-snippet:-1","max-image-preview":"max-image-preview:large","max-video-preview":"max-video-preview:-1"},"canonical":"https:\/\/ubaldofernandes.com\/index.php\/news\/ubaldo-avanca-com-mais-um-projeto-voltado-a-inclusao-de-pessoas-com-deficiencia-na-ccj\/","og_locale":"pt_BR","og_type":"article","og_title":"Ubaldo avan\u00e7a com mais um projeto voltado \u00e0 inclus\u00e3o de pessoas com defici\u00eancia na CCJ - Ubaldo Fernandes","og_description":"O deputado estadual Ubaldo Fernandes teve importantes projetos de sua autoria aprovados na Comiss\u00e3o de Constitui\u00e7\u00e3o, Justi\u00e7a e Reda\u00e7\u00e3o (CCJ) da Assembleia Legislativa do Rio Grande do Norte, durante reuni\u00e3o realizada nesta ter\u00e7a-feira (17). Entre as mat\u00e9rias, o destaque \u00e9 o Projeto de Lei n\u00ba 52\/2026, que une a pauta da causa animal \u00e0 promo\u00e7\u00e3o [&hellip;]","og_url":"https:\/\/ubaldofernandes.com\/index.php\/news\/ubaldo-avanca-com-mais-um-projeto-voltado-a-inclusao-de-pessoas-com-deficiencia-na-ccj\/","og_site_name":"Ubaldo Fernandes","article_modified_time":"2026-04-08T19:33:48+00:00","og_image":[{"width":1280,"height":853,"url":"https:\/\/ubaldofernandes.com\/wp-content\/uploads\/2026\/04\/WhatsApp-Image-2026-04-08-at-11.28.47.jpeg","type":"image\/jpeg"}],"twitter_card":"summary_large_image","twitter_misc":{"Est. tempo de leitura":"2 minutos"},"schema":{"@context":"https:\/\/schema.org","@graph":[{"@type":"WebPage","@id":"https:\/\/ubaldofernandes.com\/index.php\/news\/ubaldo-avanca-com-mais-um-projeto-voltado-a-inclusao-de-pessoas-com-deficiencia-na-ccj\/","url":"https:\/\/ubaldofernandes.com\/index.php\/news\/ubaldo-avanca-com-mais-um-projeto-voltado-a-inclusao-de-pessoas-com-deficiencia-na-ccj\/","name":"Ubaldo avan\u00e7a com mais um projeto voltado \u00e0 inclus\u00e3o de pessoas com defici\u00eancia na CCJ - Ubaldo Fernandes","isPartOf":{"@id":"https:\/\/ubaldofernandes.com\/#website"},"primaryImageOfPage":{"@id":"https:\/\/ubaldofernandes.com\/index.php\/news\/ubaldo-avanca-com-mais-um-projeto-voltado-a-inclusao-de-pessoas-com-deficiencia-na-ccj\/#primaryimage"},"image":{"@id":"https:\/\/ubaldofernandes.com\/index.php\/news\/ubaldo-avanca-com-mais-um-projeto-voltado-a-inclusao-de-pessoas-com-deficiencia-na-ccj\/#primaryimage"},"thumbnailUrl":"https:\/\/ubaldofernandes.com\/wp-content\/uploads\/2026\/04\/WhatsApp-Image-2026-04-08-at-11.28.47.jpeg","datePublished":"2026-03-17T19:07:38+00:00","dateModified":"2026-04-08T19:33:48+00:00","breadcrumb":{"@id":"https:\/\/ubaldofernandes.com\/index.php\/news\/ubaldo-avanca-com-mais-um-projeto-voltado-a-inclusao-de-pessoas-com-deficiencia-na-ccj\/#breadcrumb"},"inLanguage":"pt-BR","potentialAction":[{"@type":"ReadAction","target":["https:\/\/ubaldofernandes.com\/index.php\/news\/ubaldo-avanca-com-mais-um-projeto-voltado-a-inclusao-de-pessoas-com-deficiencia-na-ccj\/"]}]},{"@type":"ImageObject","inLanguage":"pt-BR","@id":"https:\/\/ubaldofernandes.com\/index.php\/news\/ubaldo-avanca-com-mais-um-projeto-voltado-a-inclusao-de-pessoas-com-deficiencia-na-ccj\/#primaryimage","url":"https:\/\/ubaldofernandes.com\/wp-content\/uploads\/2026\/04\/WhatsApp-Image-2026-04-08-at-11.28.47.jpeg","contentUrl":"https:\/\/ubaldofernandes.com\/wp-content\/uploads\/2026\/04\/WhatsApp-Image-2026-04-08-at-11.28.47.jpeg","width":1280,"height":853},{"@type":"BreadcrumbList","@id":"https:\/\/ubaldofernandes.com\/index.php\/news\/ubaldo-avanca-com-mais-um-projeto-voltado-a-inclusao-de-pessoas-com-deficiencia-na-ccj\/#breadcrumb","itemListElement":[{"@type":"ListItem","position":1,"name":"In\u00edcio","item":"https:\/\/ubaldofernandes.com\/"},{"@type":"ListItem","position":2,"name":"Not\u00edcias","item":"https:\/\/ubaldofernandes.com\/index.php\/news\/"},{"@type":"ListItem","position":3,"name":"Ubaldo avan\u00e7a com mais um projeto voltado \u00e0 inclus\u00e3o de pessoas com defici\u00eancia na CCJ"}]},{"@type":"WebSite","@id":"https:\/\/ubaldofernandes.com\/#website","url":"https:\/\/ubaldofernandes.com\/","name":"Ubaldo Fernandes","description":"Deputado Estadual","potentialAction":[{"@type":"SearchAction","target":{"@type":"EntryPoint","urlTemplate":"https:\/\/ubaldofernandes.com\/?s={search_term_string}"},"query-input":{"@type":"PropertyValueSpecification","valueRequired":true,"valueName":"search_term_string"}}],"inLanguage":"pt-BR"}]}},"_links":{"self":[{"href":"https:\/\/ubaldofernandes.com\/index.php\/wp-json\/wp\/v2\/news\/8155","targetHints":{"allow":["GET"]}}],"collection":[{"href":"https:\/\/ubaldofernandes.com\/index.php\/wp-json\/wp\/v2\/news"}],"about":[{"href":"https:\/\/ubaldofernandes.com\/index.php\/wp-json\/wp\/v2\/types\/news"}],"wp:featuredmedia":[{"embeddable":true,"href":"https:\/\/ubaldofernandes.com\/index.php\/wp-json\/wp\/v2\/media\/8156"}],"wp:attachment":[{"href":"https:\/\/ubaldofernandes.com\/index.php\/wp-json\/wp\/v2\/media?parent=8155"}],"curies":[{"name":"wp","href":"https:\/\/api.w.org\/{rel}","templated":true}]}}