{"id":8206,"date":"2026-04-29T14:48:24","date_gmt":"2026-04-29T17:48:24","guid":{"rendered":"https:\/\/ubaldofernandes.com\/?post_type=news&#038;p=8206"},"modified":"2026-04-29T14:48:25","modified_gmt":"2026-04-29T17:48:25","slug":"projeto-de-lei-para-isentar-taxas-de-cooperativas-avanca-na-assembleia","status":"publish","type":"news","link":"https:\/\/ubaldofernandes.com\/index.php\/news\/projeto-de-lei-para-isentar-taxas-de-cooperativas-avanca-na-assembleia\/","title":{"rendered":"Projeto de lei para isentar taxas de cooperativas avan\u00e7a na Assembleia"},"content":{"rendered":"\n<p>A Comiss\u00e3o de Constitui\u00e7\u00e3o, Justi\u00e7a e Reda\u00e7\u00e3o (CCJ), da Assembleia Legislativa do Rio Grande do Norte, aprovou, na reuni\u00e3o desta ter\u00e7a-feira (28), importantes mat\u00e9rias de autoria do deputado estadual Ubaldo Fernandes. O principal destaque foi o Projeto de Lei n\u00ba 504\/2024, que altera a Pol\u00edtica Estadual de Apoio ao Cooperativismo e prev\u00ea a isen\u00e7\u00e3o de taxas e emolumentos da Junta Comercial do Estado do Rio Grande do Norte (Jucern) para atos de constitui\u00e7\u00e3o, altera\u00e7\u00f5es estatut\u00e1rias, presta\u00e7\u00f5es anuais de contas e atas de assembleias gerais das cooperativas potiguares.<\/p>\n\n\n\n<p>A mat\u00e9ria foi aprovada por unanimidade e acompanhada pelo presidente do Sistema Ocern, Eduardo Gatto, que agradeceu o apoio da comiss\u00e3o e demonstrou confian\u00e7a na aprova\u00e7\u00e3o definitiva em plen\u00e1rio, nos pr\u00f3ximos dias. Segundo o deputado Ubaldo, a iniciativa representa um avan\u00e7o significativo para o setor, beneficiando centenas de cooperativas no Estado, especialmente as menores, ao reduzir custos e burocracias.<\/p>\n\n\n\n<p>Tamb\u00e9m foi aprovado o Projeto de Lei n\u00ba 545\/2024, que pro\u00edbe a fabrica\u00e7\u00e3o, distribui\u00e7\u00e3o, comercializa\u00e7\u00e3o e uso de armas que utilizem bolas de gel como muni\u00e7\u00e3o no Rio Grande do Norte. O tema ganhou repercuss\u00e3o ap\u00f3s diversos casos noticiados na imprensa envolvendo acidentes, confus\u00f5es em vias p\u00fablicas e at\u00e9 situa\u00e7\u00f5es em que os equipamentos foram usados para simular assaltos, causando medo e inseguran\u00e7a \u00e0 popula\u00e7\u00e3o.<\/p>\n\n\n\n<p>Ainda receberam parecer favor\u00e1vel o Projeto de Lei n\u00ba 16\/2026, que reconhece como patrim\u00f4nio cultural, religioso, hist\u00f3rico e tur\u00edstico a Igreja Matriz de S\u00e3o Jo\u00e3o Batista, em S\u00e3o Jo\u00e3o do Sabugi, e o Projeto de Lei n\u00ba 589\/2025, que concede utilidade p\u00fablica estadual \u00e0 Sociedade Recreativa Escola de Samba Em Cima da Hora. Com as aprova\u00e7\u00f5es na CCJ, as mat\u00e9rias seguem agora para as pr\u00f3ximas etapas de tramita\u00e7\u00e3o na Casa Legislativa.<\/p>\n","protected":false},"featured_media":8207,"parent":0,"template":"","class_list":["post-8206","news","type-news","status-publish","has-post-thumbnail","hentry"],"acf":[],"yoast_head":"<!-- This site is optimized with the Yoast SEO plugin v24.6 - https:\/\/yoast.com\/wordpress\/plugins\/seo\/ -->\n<title>Projeto de lei para isentar taxas de cooperativas avan\u00e7a na Assembleia - Ubaldo Fernandes<\/title>\n<meta name=\"robots\" content=\"index, follow, max-snippet:-1, max-image-preview:large, max-video-preview:-1\" \/>\n<link rel=\"canonical\" href=\"https:\/\/ubaldofernandes.com\/index.php\/news\/projeto-de-lei-para-isentar-taxas-de-cooperativas-avanca-na-assembleia\/\" \/>\n<meta property=\"og:locale\" content=\"pt_BR\" \/>\n<meta property=\"og:type\" content=\"article\" \/>\n<meta property=\"og:title\" content=\"Projeto de lei para isentar taxas de cooperativas avan\u00e7a na Assembleia - Ubaldo Fernandes\" \/>\n<meta property=\"og:description\" content=\"A Comiss\u00e3o de Constitui\u00e7\u00e3o, Justi\u00e7a e Reda\u00e7\u00e3o (CCJ), da Assembleia Legislativa do Rio Grande do Norte, aprovou, na reuni\u00e3o desta ter\u00e7a-feira (28), importantes mat\u00e9rias de autoria do deputado estadual Ubaldo Fernandes. O principal destaque foi o Projeto de Lei n\u00ba 504\/2024, que altera a Pol\u00edtica Estadual de Apoio ao Cooperativismo e prev\u00ea a isen\u00e7\u00e3o de [&hellip;]\" \/>\n<meta property=\"og:url\" content=\"https:\/\/ubaldofernandes.com\/index.php\/news\/projeto-de-lei-para-isentar-taxas-de-cooperativas-avanca-na-assembleia\/\" \/>\n<meta property=\"og:site_name\" content=\"Ubaldo Fernandes\" \/>\n<meta property=\"article:modified_time\" content=\"2026-04-29T17:48:25+00:00\" \/>\n<meta property=\"og:image\" content=\"https:\/\/ubaldofernandes.com\/wp-content\/uploads\/2026\/04\/WhatsApp-Image-2026-04-29-at-10.27.06-1.jpeg\" \/>\n\t<meta property=\"og:image:width\" content=\"1362\" \/>\n\t<meta property=\"og:image:height\" content=\"917\" \/>\n\t<meta property=\"og:image:type\" content=\"image\/jpeg\" \/>\n<meta name=\"twitter:card\" content=\"summary_large_image\" \/>\n<meta name=\"twitter:label1\" content=\"Est. tempo de leitura\" \/>\n\t<meta name=\"twitter:data1\" content=\"2 minutos\" \/>\n<script type=\"application\/ld+json\" class=\"yoast-schema-graph\">{\"@context\":\"https:\/\/schema.org\",\"@graph\":[{\"@type\":\"WebPage\",\"@id\":\"https:\/\/ubaldofernandes.com\/index.php\/news\/projeto-de-lei-para-isentar-taxas-de-cooperativas-avanca-na-assembleia\/\",\"url\":\"https:\/\/ubaldofernandes.com\/index.php\/news\/projeto-de-lei-para-isentar-taxas-de-cooperativas-avanca-na-assembleia\/\",\"name\":\"Projeto de lei para isentar taxas de cooperativas avan\u00e7a na Assembleia - Ubaldo Fernandes\",\"isPartOf\":{\"@id\":\"https:\/\/ubaldofernandes.com\/#website\"},\"primaryImageOfPage\":{\"@id\":\"https:\/\/ubaldofernandes.com\/index.php\/news\/projeto-de-lei-para-isentar-taxas-de-cooperativas-avanca-na-assembleia\/#primaryimage\"},\"image\":{\"@id\":\"https:\/\/ubaldofernandes.com\/index.php\/news\/projeto-de-lei-para-isentar-taxas-de-cooperativas-avanca-na-assembleia\/#primaryimage\"},\"thumbnailUrl\":\"https:\/\/ubaldofernandes.com\/wp-content\/uploads\/2026\/04\/WhatsApp-Image-2026-04-29-at-10.27.06-1.jpeg\",\"datePublished\":\"2026-04-29T17:48:24+00:00\",\"dateModified\":\"2026-04-29T17:48:25+00:00\",\"breadcrumb\":{\"@id\":\"https:\/\/ubaldofernandes.com\/index.php\/news\/projeto-de-lei-para-isentar-taxas-de-cooperativas-avanca-na-assembleia\/#breadcrumb\"},\"inLanguage\":\"pt-BR\",\"potentialAction\":[{\"@type\":\"ReadAction\",\"target\":[\"https:\/\/ubaldofernandes.com\/index.php\/news\/projeto-de-lei-para-isentar-taxas-de-cooperativas-avanca-na-assembleia\/\"]}]},{\"@type\":\"ImageObject\",\"inLanguage\":\"pt-BR\",\"@id\":\"https:\/\/ubaldofernandes.com\/index.php\/news\/projeto-de-lei-para-isentar-taxas-de-cooperativas-avanca-na-assembleia\/#primaryimage\",\"url\":\"https:\/\/ubaldofernandes.com\/wp-content\/uploads\/2026\/04\/WhatsApp-Image-2026-04-29-at-10.27.06-1.jpeg\",\"contentUrl\":\"https:\/\/ubaldofernandes.com\/wp-content\/uploads\/2026\/04\/WhatsApp-Image-2026-04-29-at-10.27.06-1.jpeg\",\"width\":1362,\"height\":917},{\"@type\":\"BreadcrumbList\",\"@id\":\"https:\/\/ubaldofernandes.com\/index.php\/news\/projeto-de-lei-para-isentar-taxas-de-cooperativas-avanca-na-assembleia\/#breadcrumb\",\"itemListElement\":[{\"@type\":\"ListItem\",\"position\":1,\"name\":\"In\u00edcio\",\"item\":\"https:\/\/ubaldofernandes.com\/\"},{\"@type\":\"ListItem\",\"position\":2,\"name\":\"Not\u00edcias\",\"item\":\"https:\/\/ubaldofernandes.com\/index.php\/news\/\"},{\"@type\":\"ListItem\",\"position\":3,\"name\":\"Projeto de lei para isentar taxas de cooperativas avan\u00e7a na Assembleia\"}]},{\"@type\":\"WebSite\",\"@id\":\"https:\/\/ubaldofernandes.com\/#website\",\"url\":\"https:\/\/ubaldofernandes.com\/\",\"name\":\"Ubaldo Fernandes\",\"description\":\"Deputado Estadual\",\"potentialAction\":[{\"@type\":\"SearchAction\",\"target\":{\"@type\":\"EntryPoint\",\"urlTemplate\":\"https:\/\/ubaldofernandes.com\/?s={search_term_string}\"},\"query-input\":{\"@type\":\"PropertyValueSpecification\",\"valueRequired\":true,\"valueName\":\"search_term_string\"}}],\"inLanguage\":\"pt-BR\"}]}<\/script>\n<!-- \/ Yoast SEO plugin. -->","yoast_head_json":{"title":"Projeto de lei para isentar taxas de cooperativas avan\u00e7a na Assembleia - Ubaldo Fernandes","robots":{"index":"index","follow":"follow","max-snippet":"max-snippet:-1","max-image-preview":"max-image-preview:large","max-video-preview":"max-video-preview:-1"},"canonical":"https:\/\/ubaldofernandes.com\/index.php\/news\/projeto-de-lei-para-isentar-taxas-de-cooperativas-avanca-na-assembleia\/","og_locale":"pt_BR","og_type":"article","og_title":"Projeto de lei para isentar taxas de cooperativas avan\u00e7a na Assembleia - Ubaldo Fernandes","og_description":"A Comiss\u00e3o de Constitui\u00e7\u00e3o, Justi\u00e7a e Reda\u00e7\u00e3o (CCJ), da Assembleia Legislativa do Rio Grande do Norte, aprovou, na reuni\u00e3o desta ter\u00e7a-feira (28), importantes mat\u00e9rias de autoria do deputado estadual Ubaldo Fernandes. O principal destaque foi o Projeto de Lei n\u00ba 504\/2024, que altera a Pol\u00edtica Estadual de Apoio ao Cooperativismo e prev\u00ea a isen\u00e7\u00e3o de [&hellip;]","og_url":"https:\/\/ubaldofernandes.com\/index.php\/news\/projeto-de-lei-para-isentar-taxas-de-cooperativas-avanca-na-assembleia\/","og_site_name":"Ubaldo Fernandes","article_modified_time":"2026-04-29T17:48:25+00:00","og_image":[{"width":1362,"height":917,"url":"https:\/\/ubaldofernandes.com\/wp-content\/uploads\/2026\/04\/WhatsApp-Image-2026-04-29-at-10.27.06-1.jpeg","type":"image\/jpeg"}],"twitter_card":"summary_large_image","twitter_misc":{"Est. tempo de leitura":"2 minutos"},"schema":{"@context":"https:\/\/schema.org","@graph":[{"@type":"WebPage","@id":"https:\/\/ubaldofernandes.com\/index.php\/news\/projeto-de-lei-para-isentar-taxas-de-cooperativas-avanca-na-assembleia\/","url":"https:\/\/ubaldofernandes.com\/index.php\/news\/projeto-de-lei-para-isentar-taxas-de-cooperativas-avanca-na-assembleia\/","name":"Projeto de lei para isentar taxas de cooperativas avan\u00e7a na Assembleia - Ubaldo Fernandes","isPartOf":{"@id":"https:\/\/ubaldofernandes.com\/#website"},"primaryImageOfPage":{"@id":"https:\/\/ubaldofernandes.com\/index.php\/news\/projeto-de-lei-para-isentar-taxas-de-cooperativas-avanca-na-assembleia\/#primaryimage"},"image":{"@id":"https:\/\/ubaldofernandes.com\/index.php\/news\/projeto-de-lei-para-isentar-taxas-de-cooperativas-avanca-na-assembleia\/#primaryimage"},"thumbnailUrl":"https:\/\/ubaldofernandes.com\/wp-content\/uploads\/2026\/04\/WhatsApp-Image-2026-04-29-at-10.27.06-1.jpeg","datePublished":"2026-04-29T17:48:24+00:00","dateModified":"2026-04-29T17:48:25+00:00","breadcrumb":{"@id":"https:\/\/ubaldofernandes.com\/index.php\/news\/projeto-de-lei-para-isentar-taxas-de-cooperativas-avanca-na-assembleia\/#breadcrumb"},"inLanguage":"pt-BR","potentialAction":[{"@type":"ReadAction","target":["https:\/\/ubaldofernandes.com\/index.php\/news\/projeto-de-lei-para-isentar-taxas-de-cooperativas-avanca-na-assembleia\/"]}]},{"@type":"ImageObject","inLanguage":"pt-BR","@id":"https:\/\/ubaldofernandes.com\/index.php\/news\/projeto-de-lei-para-isentar-taxas-de-cooperativas-avanca-na-assembleia\/#primaryimage","url":"https:\/\/ubaldofernandes.com\/wp-content\/uploads\/2026\/04\/WhatsApp-Image-2026-04-29-at-10.27.06-1.jpeg","contentUrl":"https:\/\/ubaldofernandes.com\/wp-content\/uploads\/2026\/04\/WhatsApp-Image-2026-04-29-at-10.27.06-1.jpeg","width":1362,"height":917},{"@type":"BreadcrumbList","@id":"https:\/\/ubaldofernandes.com\/index.php\/news\/projeto-de-lei-para-isentar-taxas-de-cooperativas-avanca-na-assembleia\/#breadcrumb","itemListElement":[{"@type":"ListItem","position":1,"name":"In\u00edcio","item":"https:\/\/ubaldofernandes.com\/"},{"@type":"ListItem","position":2,"name":"Not\u00edcias","item":"https:\/\/ubaldofernandes.com\/index.php\/news\/"},{"@type":"ListItem","position":3,"name":"Projeto de lei para isentar taxas de cooperativas avan\u00e7a na Assembleia"}]},{"@type":"WebSite","@id":"https:\/\/ubaldofernandes.com\/#website","url":"https:\/\/ubaldofernandes.com\/","name":"Ubaldo Fernandes","description":"Deputado Estadual","potentialAction":[{"@type":"SearchAction","target":{"@type":"EntryPoint","urlTemplate":"https:\/\/ubaldofernandes.com\/?s={search_term_string}"},"query-input":{"@type":"PropertyValueSpecification","valueRequired":true,"valueName":"search_term_string"}}],"inLanguage":"pt-BR"}]}},"_links":{"self":[{"href":"https:\/\/ubaldofernandes.com\/index.php\/wp-json\/wp\/v2\/news\/8206","targetHints":{"allow":["GET"]}}],"collection":[{"href":"https:\/\/ubaldofernandes.com\/index.php\/wp-json\/wp\/v2\/news"}],"about":[{"href":"https:\/\/ubaldofernandes.com\/index.php\/wp-json\/wp\/v2\/types\/news"}],"wp:featuredmedia":[{"embeddable":true,"href":"https:\/\/ubaldofernandes.com\/index.php\/wp-json\/wp\/v2\/media\/8207"}],"wp:attachment":[{"href":"https:\/\/ubaldofernandes.com\/index.php\/wp-json\/wp\/v2\/media?parent=8206"}],"curies":[{"name":"wp","href":"https:\/\/api.w.org\/{rel}","templated":true}]}}