{"id":8208,"date":"2026-04-19T14:49:00","date_gmt":"2026-04-19T17:49:00","guid":{"rendered":"https:\/\/ubaldofernandes.com\/?post_type=news&#038;p=8208"},"modified":"2026-04-29T14:50:23","modified_gmt":"2026-04-29T17:50:23","slug":"ubaldo-fernandes-participa-de-ato-de-entrega-de-instrumentos-para-banda-marcial-em-angicos","status":"publish","type":"news","link":"https:\/\/ubaldofernandes.com\/index.php\/news\/ubaldo-fernandes-participa-de-ato-de-entrega-de-instrumentos-para-banda-marcial-em-angicos\/","title":{"rendered":"Ubaldo Fernandes participa de ato de entrega de instrumentos para banda marcial em Angicos"},"content":{"rendered":"\n<p>Na manh\u00e3 deste domingo, 19, o deputado estadual Ubaldo Fernandes participou do ato promovido pela Associa\u00e7\u00e3o de Arte e Cultura do munic\u00edpio de Angicos, que marcou o recebimento de instrumentos musicais destinados \u00e0 banda marcial Francisco de Assis Bezerra.<\/p>\n\n\n\n<p>Os equipamentos foram adquiridos por meio de emenda parlamentar de autoria do deputado, no valor de R$ 30 mil, e entregues pelo Governo do Estado \u00e0 associa\u00e7\u00e3o respons\u00e1vel pela iniciativa. A a\u00e7\u00e3o atendeu a uma solicita\u00e7\u00e3o do vereador Marcos Ant\u00f4nio (Marcos de Teonila), em conjunto com os integrantes da banda.<\/p>\n\n\n\n<p>Durante a ocasi\u00e3o, o parlamentar destacou a import\u00e2ncia do fortalecimento das a\u00e7\u00f5es culturais no interior do estado. \u201c\u00c9 uma satisfa\u00e7\u00e3o contribuir com projetos que incentivam a cultura e oferecem oportunidades para nossos jovens. A banda \u00e9 um patrim\u00f4nio de Angicos e merece todo o apoio para continuar desenvolvendo esse trabalho t\u00e3o importante\u201d, ressaltou.<\/p>\n\n\n\n<p>A banda marcial Francisco de Assis Bezerra tem atua\u00e7\u00e3o relevante na forma\u00e7\u00e3o cultural e social de crian\u00e7as e adolescentes do munic\u00edpio, sendo reconhecida pela dedica\u00e7\u00e3o e pelas apresenta\u00e7\u00f5es que valorizam a identidade local. Com os novos instrumentos, a expectativa \u00e9 fortalecer ainda mais as atividades desenvolvidas pela associa\u00e7\u00e3o.<\/p>\n","protected":false},"featured_media":8209,"parent":0,"template":"","class_list":["post-8208","news","type-news","status-publish","has-post-thumbnail","hentry"],"acf":[],"yoast_head":"<!-- This site is optimized with the Yoast SEO plugin v24.6 - https:\/\/yoast.com\/wordpress\/plugins\/seo\/ -->\n<title>Ubaldo Fernandes participa de ato de entrega de instrumentos para banda marcial em Angicos - Ubaldo Fernandes<\/title>\n<meta name=\"robots\" content=\"index, follow, max-snippet:-1, max-image-preview:large, max-video-preview:-1\" \/>\n<link rel=\"canonical\" href=\"https:\/\/ubaldofernandes.com\/index.php\/news\/ubaldo-fernandes-participa-de-ato-de-entrega-de-instrumentos-para-banda-marcial-em-angicos\/\" \/>\n<meta property=\"og:locale\" content=\"pt_BR\" \/>\n<meta property=\"og:type\" content=\"article\" \/>\n<meta property=\"og:title\" content=\"Ubaldo Fernandes participa de ato de entrega de instrumentos para banda marcial em Angicos - Ubaldo Fernandes\" \/>\n<meta property=\"og:description\" content=\"Na manh\u00e3 deste domingo, 19, o deputado estadual Ubaldo Fernandes participou do ato promovido pela Associa\u00e7\u00e3o de Arte e Cultura do munic\u00edpio de Angicos, que marcou o recebimento de instrumentos musicais destinados \u00e0 banda marcial Francisco de Assis Bezerra. Os equipamentos foram adquiridos por meio de emenda parlamentar de autoria do deputado, no valor de [&hellip;]\" \/>\n<meta property=\"og:url\" content=\"https:\/\/ubaldofernandes.com\/index.php\/news\/ubaldo-fernandes-participa-de-ato-de-entrega-de-instrumentos-para-banda-marcial-em-angicos\/\" \/>\n<meta property=\"og:site_name\" content=\"Ubaldo Fernandes\" \/>\n<meta property=\"article:modified_time\" content=\"2026-04-29T17:50:23+00:00\" \/>\n<meta property=\"og:image\" content=\"https:\/\/ubaldofernandes.com\/wp-content\/uploads\/2026\/04\/WhatsApp-Image-2026-04-29-at-10.27.09.jpeg\" \/>\n\t<meta property=\"og:image:width\" content=\"1280\" \/>\n\t<meta property=\"og:image:height\" content=\"960\" \/>\n\t<meta property=\"og:image:type\" content=\"image\/jpeg\" \/>\n<meta name=\"twitter:card\" content=\"summary_large_image\" \/>\n<meta name=\"twitter:label1\" content=\"Est. tempo de leitura\" \/>\n\t<meta name=\"twitter:data1\" content=\"2 minutos\" \/>\n<script type=\"application\/ld+json\" class=\"yoast-schema-graph\">{\"@context\":\"https:\/\/schema.org\",\"@graph\":[{\"@type\":\"WebPage\",\"@id\":\"https:\/\/ubaldofernandes.com\/index.php\/news\/ubaldo-fernandes-participa-de-ato-de-entrega-de-instrumentos-para-banda-marcial-em-angicos\/\",\"url\":\"https:\/\/ubaldofernandes.com\/index.php\/news\/ubaldo-fernandes-participa-de-ato-de-entrega-de-instrumentos-para-banda-marcial-em-angicos\/\",\"name\":\"Ubaldo Fernandes participa de ato de entrega de instrumentos para banda marcial em Angicos - Ubaldo Fernandes\",\"isPartOf\":{\"@id\":\"https:\/\/ubaldofernandes.com\/#website\"},\"primaryImageOfPage\":{\"@id\":\"https:\/\/ubaldofernandes.com\/index.php\/news\/ubaldo-fernandes-participa-de-ato-de-entrega-de-instrumentos-para-banda-marcial-em-angicos\/#primaryimage\"},\"image\":{\"@id\":\"https:\/\/ubaldofernandes.com\/index.php\/news\/ubaldo-fernandes-participa-de-ato-de-entrega-de-instrumentos-para-banda-marcial-em-angicos\/#primaryimage\"},\"thumbnailUrl\":\"https:\/\/ubaldofernandes.com\/wp-content\/uploads\/2026\/04\/WhatsApp-Image-2026-04-29-at-10.27.09.jpeg\",\"datePublished\":\"2026-04-19T17:49:00+00:00\",\"dateModified\":\"2026-04-29T17:50:23+00:00\",\"breadcrumb\":{\"@id\":\"https:\/\/ubaldofernandes.com\/index.php\/news\/ubaldo-fernandes-participa-de-ato-de-entrega-de-instrumentos-para-banda-marcial-em-angicos\/#breadcrumb\"},\"inLanguage\":\"pt-BR\",\"potentialAction\":[{\"@type\":\"ReadAction\",\"target\":[\"https:\/\/ubaldofernandes.com\/index.php\/news\/ubaldo-fernandes-participa-de-ato-de-entrega-de-instrumentos-para-banda-marcial-em-angicos\/\"]}]},{\"@type\":\"ImageObject\",\"inLanguage\":\"pt-BR\",\"@id\":\"https:\/\/ubaldofernandes.com\/index.php\/news\/ubaldo-fernandes-participa-de-ato-de-entrega-de-instrumentos-para-banda-marcial-em-angicos\/#primaryimage\",\"url\":\"https:\/\/ubaldofernandes.com\/wp-content\/uploads\/2026\/04\/WhatsApp-Image-2026-04-29-at-10.27.09.jpeg\",\"contentUrl\":\"https:\/\/ubaldofernandes.com\/wp-content\/uploads\/2026\/04\/WhatsApp-Image-2026-04-29-at-10.27.09.jpeg\",\"width\":1280,\"height\":960},{\"@type\":\"BreadcrumbList\",\"@id\":\"https:\/\/ubaldofernandes.com\/index.php\/news\/ubaldo-fernandes-participa-de-ato-de-entrega-de-instrumentos-para-banda-marcial-em-angicos\/#breadcrumb\",\"itemListElement\":[{\"@type\":\"ListItem\",\"position\":1,\"name\":\"In\u00edcio\",\"item\":\"https:\/\/ubaldofernandes.com\/\"},{\"@type\":\"ListItem\",\"position\":2,\"name\":\"Not\u00edcias\",\"item\":\"https:\/\/ubaldofernandes.com\/index.php\/news\/\"},{\"@type\":\"ListItem\",\"position\":3,\"name\":\"Ubaldo Fernandes participa de ato de entrega de instrumentos para banda marcial em Angicos\"}]},{\"@type\":\"WebSite\",\"@id\":\"https:\/\/ubaldofernandes.com\/#website\",\"url\":\"https:\/\/ubaldofernandes.com\/\",\"name\":\"Ubaldo Fernandes\",\"description\":\"Deputado Estadual\",\"potentialAction\":[{\"@type\":\"SearchAction\",\"target\":{\"@type\":\"EntryPoint\",\"urlTemplate\":\"https:\/\/ubaldofernandes.com\/?s={search_term_string}\"},\"query-input\":{\"@type\":\"PropertyValueSpecification\",\"valueRequired\":true,\"valueName\":\"search_term_string\"}}],\"inLanguage\":\"pt-BR\"}]}<\/script>\n<!-- \/ Yoast SEO plugin. -->","yoast_head_json":{"title":"Ubaldo Fernandes participa de ato de entrega de instrumentos para banda marcial em Angicos - Ubaldo Fernandes","robots":{"index":"index","follow":"follow","max-snippet":"max-snippet:-1","max-image-preview":"max-image-preview:large","max-video-preview":"max-video-preview:-1"},"canonical":"https:\/\/ubaldofernandes.com\/index.php\/news\/ubaldo-fernandes-participa-de-ato-de-entrega-de-instrumentos-para-banda-marcial-em-angicos\/","og_locale":"pt_BR","og_type":"article","og_title":"Ubaldo Fernandes participa de ato de entrega de instrumentos para banda marcial em Angicos - Ubaldo Fernandes","og_description":"Na manh\u00e3 deste domingo, 19, o deputado estadual Ubaldo Fernandes participou do ato promovido pela Associa\u00e7\u00e3o de Arte e Cultura do munic\u00edpio de Angicos, que marcou o recebimento de instrumentos musicais destinados \u00e0 banda marcial Francisco de Assis Bezerra. Os equipamentos foram adquiridos por meio de emenda parlamentar de autoria do deputado, no valor de [&hellip;]","og_url":"https:\/\/ubaldofernandes.com\/index.php\/news\/ubaldo-fernandes-participa-de-ato-de-entrega-de-instrumentos-para-banda-marcial-em-angicos\/","og_site_name":"Ubaldo Fernandes","article_modified_time":"2026-04-29T17:50:23+00:00","og_image":[{"width":1280,"height":960,"url":"https:\/\/ubaldofernandes.com\/wp-content\/uploads\/2026\/04\/WhatsApp-Image-2026-04-29-at-10.27.09.jpeg","type":"image\/jpeg"}],"twitter_card":"summary_large_image","twitter_misc":{"Est. tempo de leitura":"2 minutos"},"schema":{"@context":"https:\/\/schema.org","@graph":[{"@type":"WebPage","@id":"https:\/\/ubaldofernandes.com\/index.php\/news\/ubaldo-fernandes-participa-de-ato-de-entrega-de-instrumentos-para-banda-marcial-em-angicos\/","url":"https:\/\/ubaldofernandes.com\/index.php\/news\/ubaldo-fernandes-participa-de-ato-de-entrega-de-instrumentos-para-banda-marcial-em-angicos\/","name":"Ubaldo Fernandes participa de ato de entrega de instrumentos para banda marcial em Angicos - Ubaldo Fernandes","isPartOf":{"@id":"https:\/\/ubaldofernandes.com\/#website"},"primaryImageOfPage":{"@id":"https:\/\/ubaldofernandes.com\/index.php\/news\/ubaldo-fernandes-participa-de-ato-de-entrega-de-instrumentos-para-banda-marcial-em-angicos\/#primaryimage"},"image":{"@id":"https:\/\/ubaldofernandes.com\/index.php\/news\/ubaldo-fernandes-participa-de-ato-de-entrega-de-instrumentos-para-banda-marcial-em-angicos\/#primaryimage"},"thumbnailUrl":"https:\/\/ubaldofernandes.com\/wp-content\/uploads\/2026\/04\/WhatsApp-Image-2026-04-29-at-10.27.09.jpeg","datePublished":"2026-04-19T17:49:00+00:00","dateModified":"2026-04-29T17:50:23+00:00","breadcrumb":{"@id":"https:\/\/ubaldofernandes.com\/index.php\/news\/ubaldo-fernandes-participa-de-ato-de-entrega-de-instrumentos-para-banda-marcial-em-angicos\/#breadcrumb"},"inLanguage":"pt-BR","potentialAction":[{"@type":"ReadAction","target":["https:\/\/ubaldofernandes.com\/index.php\/news\/ubaldo-fernandes-participa-de-ato-de-entrega-de-instrumentos-para-banda-marcial-em-angicos\/"]}]},{"@type":"ImageObject","inLanguage":"pt-BR","@id":"https:\/\/ubaldofernandes.com\/index.php\/news\/ubaldo-fernandes-participa-de-ato-de-entrega-de-instrumentos-para-banda-marcial-em-angicos\/#primaryimage","url":"https:\/\/ubaldofernandes.com\/wp-content\/uploads\/2026\/04\/WhatsApp-Image-2026-04-29-at-10.27.09.jpeg","contentUrl":"https:\/\/ubaldofernandes.com\/wp-content\/uploads\/2026\/04\/WhatsApp-Image-2026-04-29-at-10.27.09.jpeg","width":1280,"height":960},{"@type":"BreadcrumbList","@id":"https:\/\/ubaldofernandes.com\/index.php\/news\/ubaldo-fernandes-participa-de-ato-de-entrega-de-instrumentos-para-banda-marcial-em-angicos\/#breadcrumb","itemListElement":[{"@type":"ListItem","position":1,"name":"In\u00edcio","item":"https:\/\/ubaldofernandes.com\/"},{"@type":"ListItem","position":2,"name":"Not\u00edcias","item":"https:\/\/ubaldofernandes.com\/index.php\/news\/"},{"@type":"ListItem","position":3,"name":"Ubaldo Fernandes participa de ato de entrega de instrumentos para banda marcial em Angicos"}]},{"@type":"WebSite","@id":"https:\/\/ubaldofernandes.com\/#website","url":"https:\/\/ubaldofernandes.com\/","name":"Ubaldo Fernandes","description":"Deputado Estadual","potentialAction":[{"@type":"SearchAction","target":{"@type":"EntryPoint","urlTemplate":"https:\/\/ubaldofernandes.com\/?s={search_term_string}"},"query-input":{"@type":"PropertyValueSpecification","valueRequired":true,"valueName":"search_term_string"}}],"inLanguage":"pt-BR"}]}},"_links":{"self":[{"href":"https:\/\/ubaldofernandes.com\/index.php\/wp-json\/wp\/v2\/news\/8208","targetHints":{"allow":["GET"]}}],"collection":[{"href":"https:\/\/ubaldofernandes.com\/index.php\/wp-json\/wp\/v2\/news"}],"about":[{"href":"https:\/\/ubaldofernandes.com\/index.php\/wp-json\/wp\/v2\/types\/news"}],"wp:featuredmedia":[{"embeddable":true,"href":"https:\/\/ubaldofernandes.com\/index.php\/wp-json\/wp\/v2\/media\/8209"}],"wp:attachment":[{"href":"https:\/\/ubaldofernandes.com\/index.php\/wp-json\/wp\/v2\/media?parent=8208"}],"curies":[{"name":"wp","href":"https:\/\/api.w.org\/{rel}","templated":true}]}}