{"id":8210,"date":"2026-04-16T14:53:11","date_gmt":"2026-04-16T17:53:11","guid":{"rendered":"https:\/\/ubaldofernandes.com\/?post_type=news&#038;p=8210"},"modified":"2026-04-29T14:54:20","modified_gmt":"2026-04-29T17:54:20","slug":"ubaldo-fernandes-recebe-apoio-da-ex-vereadora-margarete-regia-e-fortalece-base-na-zona-norte-de-natal","status":"publish","type":"news","link":"https:\/\/ubaldofernandes.com\/index.php\/news\/ubaldo-fernandes-recebe-apoio-da-ex-vereadora-margarete-regia-e-fortalece-base-na-zona-norte-de-natal\/","title":{"rendered":"UBALDO FERNANDES RECEBE APOIO DA EX-VEREADORA MARGARETE R\u00c9GIA E FORTALECE BASE NA ZONA NORTE DE NATAL"},"content":{"rendered":"\n<p>O deputado estadual Ubaldo Fernandes recebeu, na noite desta quinta-feira (16), o importante apoio da ex-vereadora Margarete R\u00e9gia, uma das principais lideran\u00e7as populares da Zona Norte de Natal. A ades\u00e3o refor\u00e7a o projeto pol\u00edtico do parlamentar rumo ao seu terceiro mandato e amplia ainda mais sua presen\u00e7a junto \u00e0s comunidades da capital.<\/p>\n\n\n\n<p>Com uma trajet\u00f3ria marcada pela atua\u00e7\u00e3o pr\u00f3xima ao povo, Margarete R\u00e9gia construiu sua hist\u00f3ria p\u00fablica com forte presen\u00e7a nos bairros, defendendo causas sociais, a valoriza\u00e7\u00e3o das mulheres e a melhoria da qualidade de vida da popula\u00e7\u00e3o. Seu perfil popular e compromisso com as comunidades dialogam diretamente com a forma de atua\u00e7\u00e3o de Ubaldo Fernandes.<\/p>\n\n\n\n<p>\u201cRecebo esse apoio com muita alegria e responsabilidade. Margarete \u00e9 uma lideran\u00e7a respeitada, que conhece de perto a realidade do nosso povo e tem servi\u00e7os prestados \u00e0 nossa cidade. Sua chegada fortalece ainda mais nosso compromisso de seguir trabalhando por quem mais precisa\u201d, destacou o deputado.<\/p>\n\n\n\n<p>A uni\u00e3o representa o fortalecimento de um projeto pol\u00edtico pautado na escuta, na presen\u00e7a constante nas comunidades e na busca por solu\u00e7\u00f5es concretas para os desafios enfrentados pela popula\u00e7\u00e3o potiguar. Com a chegada de Margarete R\u00e9gia, Ubaldo amplia sua base de apoio na capital e segue consolidando uma caminhada constru\u00edda ao lado do povo, em prol de um Rio Grande do Norte mais justo, inclusivo e com mais oportunidades para todos.<\/p>\n","protected":false},"featured_media":8211,"parent":0,"template":"","class_list":["post-8210","news","type-news","status-publish","has-post-thumbnail","hentry"],"acf":[],"yoast_head":"<!-- This site is optimized with the Yoast SEO plugin v24.6 - https:\/\/yoast.com\/wordpress\/plugins\/seo\/ -->\n<title>UBALDO FERNANDES RECEBE APOIO DA EX-VEREADORA MARGARETE R\u00c9GIA E FORTALECE BASE NA ZONA NORTE DE NATAL - Ubaldo Fernandes<\/title>\n<meta name=\"robots\" content=\"index, follow, max-snippet:-1, max-image-preview:large, max-video-preview:-1\" \/>\n<link rel=\"canonical\" href=\"https:\/\/ubaldofernandes.com\/index.php\/news\/ubaldo-fernandes-recebe-apoio-da-ex-vereadora-margarete-regia-e-fortalece-base-na-zona-norte-de-natal\/\" \/>\n<meta property=\"og:locale\" content=\"pt_BR\" \/>\n<meta property=\"og:type\" content=\"article\" \/>\n<meta property=\"og:title\" content=\"UBALDO FERNANDES RECEBE APOIO DA EX-VEREADORA MARGARETE R\u00c9GIA E FORTALECE BASE NA ZONA NORTE DE NATAL - Ubaldo Fernandes\" \/>\n<meta property=\"og:description\" content=\"O deputado estadual Ubaldo Fernandes recebeu, na noite desta quinta-feira (16), o importante apoio da ex-vereadora Margarete R\u00e9gia, uma das principais lideran\u00e7as populares da Zona Norte de Natal. A ades\u00e3o refor\u00e7a o projeto pol\u00edtico do parlamentar rumo ao seu terceiro mandato e amplia ainda mais sua presen\u00e7a junto \u00e0s comunidades da capital. Com uma trajet\u00f3ria [&hellip;]\" \/>\n<meta property=\"og:url\" content=\"https:\/\/ubaldofernandes.com\/index.php\/news\/ubaldo-fernandes-recebe-apoio-da-ex-vereadora-margarete-regia-e-fortalece-base-na-zona-norte-de-natal\/\" \/>\n<meta property=\"og:site_name\" content=\"Ubaldo Fernandes\" \/>\n<meta property=\"article:modified_time\" content=\"2026-04-29T17:54:20+00:00\" \/>\n<meta property=\"og:image\" content=\"https:\/\/ubaldofernandes.com\/wp-content\/uploads\/2026\/04\/WhatsApp-Image-2026-04-29-at-10.27.10.jpeg\" \/>\n\t<meta property=\"og:image:width\" content=\"1200\" \/>\n\t<meta property=\"og:image:height\" content=\"1600\" \/>\n\t<meta property=\"og:image:type\" content=\"image\/jpeg\" \/>\n<meta name=\"twitter:card\" content=\"summary_large_image\" \/>\n<meta name=\"twitter:label1\" content=\"Est. tempo de leitura\" \/>\n\t<meta name=\"twitter:data1\" content=\"2 minutos\" \/>\n<script type=\"application\/ld+json\" class=\"yoast-schema-graph\">{\"@context\":\"https:\/\/schema.org\",\"@graph\":[{\"@type\":\"WebPage\",\"@id\":\"https:\/\/ubaldofernandes.com\/index.php\/news\/ubaldo-fernandes-recebe-apoio-da-ex-vereadora-margarete-regia-e-fortalece-base-na-zona-norte-de-natal\/\",\"url\":\"https:\/\/ubaldofernandes.com\/index.php\/news\/ubaldo-fernandes-recebe-apoio-da-ex-vereadora-margarete-regia-e-fortalece-base-na-zona-norte-de-natal\/\",\"name\":\"UBALDO FERNANDES RECEBE APOIO DA EX-VEREADORA MARGARETE R\u00c9GIA E FORTALECE BASE NA ZONA NORTE DE NATAL - Ubaldo Fernandes\",\"isPartOf\":{\"@id\":\"https:\/\/ubaldofernandes.com\/#website\"},\"primaryImageOfPage\":{\"@id\":\"https:\/\/ubaldofernandes.com\/index.php\/news\/ubaldo-fernandes-recebe-apoio-da-ex-vereadora-margarete-regia-e-fortalece-base-na-zona-norte-de-natal\/#primaryimage\"},\"image\":{\"@id\":\"https:\/\/ubaldofernandes.com\/index.php\/news\/ubaldo-fernandes-recebe-apoio-da-ex-vereadora-margarete-regia-e-fortalece-base-na-zona-norte-de-natal\/#primaryimage\"},\"thumbnailUrl\":\"https:\/\/ubaldofernandes.com\/wp-content\/uploads\/2026\/04\/WhatsApp-Image-2026-04-29-at-10.27.10.jpeg\",\"datePublished\":\"2026-04-16T17:53:11+00:00\",\"dateModified\":\"2026-04-29T17:54:20+00:00\",\"breadcrumb\":{\"@id\":\"https:\/\/ubaldofernandes.com\/index.php\/news\/ubaldo-fernandes-recebe-apoio-da-ex-vereadora-margarete-regia-e-fortalece-base-na-zona-norte-de-natal\/#breadcrumb\"},\"inLanguage\":\"pt-BR\",\"potentialAction\":[{\"@type\":\"ReadAction\",\"target\":[\"https:\/\/ubaldofernandes.com\/index.php\/news\/ubaldo-fernandes-recebe-apoio-da-ex-vereadora-margarete-regia-e-fortalece-base-na-zona-norte-de-natal\/\"]}]},{\"@type\":\"ImageObject\",\"inLanguage\":\"pt-BR\",\"@id\":\"https:\/\/ubaldofernandes.com\/index.php\/news\/ubaldo-fernandes-recebe-apoio-da-ex-vereadora-margarete-regia-e-fortalece-base-na-zona-norte-de-natal\/#primaryimage\",\"url\":\"https:\/\/ubaldofernandes.com\/wp-content\/uploads\/2026\/04\/WhatsApp-Image-2026-04-29-at-10.27.10.jpeg\",\"contentUrl\":\"https:\/\/ubaldofernandes.com\/wp-content\/uploads\/2026\/04\/WhatsApp-Image-2026-04-29-at-10.27.10.jpeg\",\"width\":1200,\"height\":1600},{\"@type\":\"BreadcrumbList\",\"@id\":\"https:\/\/ubaldofernandes.com\/index.php\/news\/ubaldo-fernandes-recebe-apoio-da-ex-vereadora-margarete-regia-e-fortalece-base-na-zona-norte-de-natal\/#breadcrumb\",\"itemListElement\":[{\"@type\":\"ListItem\",\"position\":1,\"name\":\"In\u00edcio\",\"item\":\"https:\/\/ubaldofernandes.com\/\"},{\"@type\":\"ListItem\",\"position\":2,\"name\":\"Not\u00edcias\",\"item\":\"https:\/\/ubaldofernandes.com\/index.php\/news\/\"},{\"@type\":\"ListItem\",\"position\":3,\"name\":\"UBALDO FERNANDES RECEBE APOIO DA EX-VEREADORA MARGARETE R\u00c9GIA E FORTALECE BASE NA ZONA NORTE DE NATAL\"}]},{\"@type\":\"WebSite\",\"@id\":\"https:\/\/ubaldofernandes.com\/#website\",\"url\":\"https:\/\/ubaldofernandes.com\/\",\"name\":\"Ubaldo Fernandes\",\"description\":\"Deputado Estadual\",\"potentialAction\":[{\"@type\":\"SearchAction\",\"target\":{\"@type\":\"EntryPoint\",\"urlTemplate\":\"https:\/\/ubaldofernandes.com\/?s={search_term_string}\"},\"query-input\":{\"@type\":\"PropertyValueSpecification\",\"valueRequired\":true,\"valueName\":\"search_term_string\"}}],\"inLanguage\":\"pt-BR\"}]}<\/script>\n<!-- \/ Yoast SEO plugin. -->","yoast_head_json":{"title":"UBALDO FERNANDES RECEBE APOIO DA EX-VEREADORA MARGARETE R\u00c9GIA E FORTALECE BASE NA ZONA NORTE DE NATAL - Ubaldo Fernandes","robots":{"index":"index","follow":"follow","max-snippet":"max-snippet:-1","max-image-preview":"max-image-preview:large","max-video-preview":"max-video-preview:-1"},"canonical":"https:\/\/ubaldofernandes.com\/index.php\/news\/ubaldo-fernandes-recebe-apoio-da-ex-vereadora-margarete-regia-e-fortalece-base-na-zona-norte-de-natal\/","og_locale":"pt_BR","og_type":"article","og_title":"UBALDO FERNANDES RECEBE APOIO DA EX-VEREADORA MARGARETE R\u00c9GIA E FORTALECE BASE NA ZONA NORTE DE NATAL - Ubaldo Fernandes","og_description":"O deputado estadual Ubaldo Fernandes recebeu, na noite desta quinta-feira (16), o importante apoio da ex-vereadora Margarete R\u00e9gia, uma das principais lideran\u00e7as populares da Zona Norte de Natal. A ades\u00e3o refor\u00e7a o projeto pol\u00edtico do parlamentar rumo ao seu terceiro mandato e amplia ainda mais sua presen\u00e7a junto \u00e0s comunidades da capital. Com uma trajet\u00f3ria [&hellip;]","og_url":"https:\/\/ubaldofernandes.com\/index.php\/news\/ubaldo-fernandes-recebe-apoio-da-ex-vereadora-margarete-regia-e-fortalece-base-na-zona-norte-de-natal\/","og_site_name":"Ubaldo Fernandes","article_modified_time":"2026-04-29T17:54:20+00:00","og_image":[{"width":1200,"height":1600,"url":"https:\/\/ubaldofernandes.com\/wp-content\/uploads\/2026\/04\/WhatsApp-Image-2026-04-29-at-10.27.10.jpeg","type":"image\/jpeg"}],"twitter_card":"summary_large_image","twitter_misc":{"Est. tempo de leitura":"2 minutos"},"schema":{"@context":"https:\/\/schema.org","@graph":[{"@type":"WebPage","@id":"https:\/\/ubaldofernandes.com\/index.php\/news\/ubaldo-fernandes-recebe-apoio-da-ex-vereadora-margarete-regia-e-fortalece-base-na-zona-norte-de-natal\/","url":"https:\/\/ubaldofernandes.com\/index.php\/news\/ubaldo-fernandes-recebe-apoio-da-ex-vereadora-margarete-regia-e-fortalece-base-na-zona-norte-de-natal\/","name":"UBALDO FERNANDES RECEBE APOIO DA EX-VEREADORA MARGARETE R\u00c9GIA E FORTALECE BASE NA ZONA NORTE DE NATAL - Ubaldo Fernandes","isPartOf":{"@id":"https:\/\/ubaldofernandes.com\/#website"},"primaryImageOfPage":{"@id":"https:\/\/ubaldofernandes.com\/index.php\/news\/ubaldo-fernandes-recebe-apoio-da-ex-vereadora-margarete-regia-e-fortalece-base-na-zona-norte-de-natal\/#primaryimage"},"image":{"@id":"https:\/\/ubaldofernandes.com\/index.php\/news\/ubaldo-fernandes-recebe-apoio-da-ex-vereadora-margarete-regia-e-fortalece-base-na-zona-norte-de-natal\/#primaryimage"},"thumbnailUrl":"https:\/\/ubaldofernandes.com\/wp-content\/uploads\/2026\/04\/WhatsApp-Image-2026-04-29-at-10.27.10.jpeg","datePublished":"2026-04-16T17:53:11+00:00","dateModified":"2026-04-29T17:54:20+00:00","breadcrumb":{"@id":"https:\/\/ubaldofernandes.com\/index.php\/news\/ubaldo-fernandes-recebe-apoio-da-ex-vereadora-margarete-regia-e-fortalece-base-na-zona-norte-de-natal\/#breadcrumb"},"inLanguage":"pt-BR","potentialAction":[{"@type":"ReadAction","target":["https:\/\/ubaldofernandes.com\/index.php\/news\/ubaldo-fernandes-recebe-apoio-da-ex-vereadora-margarete-regia-e-fortalece-base-na-zona-norte-de-natal\/"]}]},{"@type":"ImageObject","inLanguage":"pt-BR","@id":"https:\/\/ubaldofernandes.com\/index.php\/news\/ubaldo-fernandes-recebe-apoio-da-ex-vereadora-margarete-regia-e-fortalece-base-na-zona-norte-de-natal\/#primaryimage","url":"https:\/\/ubaldofernandes.com\/wp-content\/uploads\/2026\/04\/WhatsApp-Image-2026-04-29-at-10.27.10.jpeg","contentUrl":"https:\/\/ubaldofernandes.com\/wp-content\/uploads\/2026\/04\/WhatsApp-Image-2026-04-29-at-10.27.10.jpeg","width":1200,"height":1600},{"@type":"BreadcrumbList","@id":"https:\/\/ubaldofernandes.com\/index.php\/news\/ubaldo-fernandes-recebe-apoio-da-ex-vereadora-margarete-regia-e-fortalece-base-na-zona-norte-de-natal\/#breadcrumb","itemListElement":[{"@type":"ListItem","position":1,"name":"In\u00edcio","item":"https:\/\/ubaldofernandes.com\/"},{"@type":"ListItem","position":2,"name":"Not\u00edcias","item":"https:\/\/ubaldofernandes.com\/index.php\/news\/"},{"@type":"ListItem","position":3,"name":"UBALDO FERNANDES RECEBE APOIO DA EX-VEREADORA MARGARETE R\u00c9GIA E FORTALECE BASE NA ZONA NORTE DE NATAL"}]},{"@type":"WebSite","@id":"https:\/\/ubaldofernandes.com\/#website","url":"https:\/\/ubaldofernandes.com\/","name":"Ubaldo Fernandes","description":"Deputado Estadual","potentialAction":[{"@type":"SearchAction","target":{"@type":"EntryPoint","urlTemplate":"https:\/\/ubaldofernandes.com\/?s={search_term_string}"},"query-input":{"@type":"PropertyValueSpecification","valueRequired":true,"valueName":"search_term_string"}}],"inLanguage":"pt-BR"}]}},"_links":{"self":[{"href":"https:\/\/ubaldofernandes.com\/index.php\/wp-json\/wp\/v2\/news\/8210","targetHints":{"allow":["GET"]}}],"collection":[{"href":"https:\/\/ubaldofernandes.com\/index.php\/wp-json\/wp\/v2\/news"}],"about":[{"href":"https:\/\/ubaldofernandes.com\/index.php\/wp-json\/wp\/v2\/types\/news"}],"wp:featuredmedia":[{"embeddable":true,"href":"https:\/\/ubaldofernandes.com\/index.php\/wp-json\/wp\/v2\/media\/8211"}],"wp:attachment":[{"href":"https:\/\/ubaldofernandes.com\/index.php\/wp-json\/wp\/v2\/media?parent=8210"}],"curies":[{"name":"wp","href":"https:\/\/api.w.org\/{rel}","templated":true}]}}