{"id":8214,"date":"2026-04-29T14:57:55","date_gmt":"2026-04-29T17:57:55","guid":{"rendered":"https:\/\/ubaldofernandes.com\/?post_type=news&#038;p=8214"},"modified":"2026-04-29T14:57:57","modified_gmt":"2026-04-29T17:57:57","slug":"ubaldo-amplia-investimentos-para-senador-eloi-de-souza-destinando-emenda-para-reforma-de-igreja","status":"publish","type":"news","link":"https:\/\/ubaldofernandes.com\/index.php\/news\/ubaldo-amplia-investimentos-para-senador-eloi-de-souza-destinando-emenda-para-reforma-de-igreja\/","title":{"rendered":"Ubaldo amplia investimentos para Senador El\u00f3i de Souza destinando emenda para reforma de igreja"},"content":{"rendered":"\n<p>O deputado estadual Ubaldo Fernandes segue fortalecendo seu compromisso com o munic\u00edpio de Senador El\u00f3i de Souza. Para 2026, o parlamentar est\u00e1 destinando uma emenda no valor de R$ 50 mil voltada \u00e0 reforma da igreja local, atendendo a uma solicita\u00e7\u00e3o da vereadora Karol Melo, ao lado do p\u00e1roco Luciano, e de toda a comunidade cat\u00f3lica.<\/p>\n\n\n\n<p>A nova iniciativa refor\u00e7a o apoio do mandato n\u00e3o apenas \u00e0s \u00e1reas essenciais, como sa\u00fade, mas tamb\u00e9m \u00e0s a\u00e7\u00f5es que fortalecem a f\u00e9 e a conviv\u00eancia comunit\u00e1ria.<\/p>\n\n\n\n<p>\u201cNosso mandato tem compromisso com as pessoas, com a sa\u00fade, mas tamb\u00e9m com a f\u00e9 e a hist\u00f3ria dos munic\u00edpios. Essa emenda \u00e9 um gesto de respeito \u00e0 comunidade cat\u00f3lica de Senador El\u00f3i de Souza\u201d, destacou o deputado.<\/p>\n\n\n\n<p>A a\u00e7\u00e3o se soma a outros investimentos j\u00e1 realizados no munic\u00edpio. Em 2020, foram destinados R$ 70 mil para a aquisi\u00e7\u00e3o de uma ambul\u00e2ncia. J\u00e1 em 2025, o deputado garantiu mais R$ 101 mil para a compra de insumos para a sa\u00fade, contribuindo diretamente para a melhoria do atendimento \u00e0 popula\u00e7\u00e3o.<\/p>\n\n\n\n<p>Com atua\u00e7\u00e3o presente e cont\u00ednua, Ubaldo Fernandes reafirma seu compromisso com o desenvolvimento de Senador El\u00f3i de Souza, apoiando iniciativas que impactam diretamente a vida das pessoas.<\/p>\n","protected":false},"featured_media":8215,"parent":0,"template":"","class_list":["post-8214","news","type-news","status-publish","has-post-thumbnail","hentry"],"acf":[],"yoast_head":"<!-- This site is optimized with the Yoast SEO plugin v24.6 - https:\/\/yoast.com\/wordpress\/plugins\/seo\/ -->\n<title>Ubaldo amplia investimentos para Senador El\u00f3i de Souza destinando emenda para reforma de igreja - Ubaldo Fernandes<\/title>\n<meta name=\"robots\" content=\"index, follow, max-snippet:-1, max-image-preview:large, max-video-preview:-1\" \/>\n<link rel=\"canonical\" href=\"https:\/\/ubaldofernandes.com\/index.php\/news\/ubaldo-amplia-investimentos-para-senador-eloi-de-souza-destinando-emenda-para-reforma-de-igreja\/\" \/>\n<meta property=\"og:locale\" content=\"pt_BR\" \/>\n<meta property=\"og:type\" content=\"article\" \/>\n<meta property=\"og:title\" content=\"Ubaldo amplia investimentos para Senador El\u00f3i de Souza destinando emenda para reforma de igreja - Ubaldo Fernandes\" \/>\n<meta property=\"og:description\" content=\"O deputado estadual Ubaldo Fernandes segue fortalecendo seu compromisso com o munic\u00edpio de Senador El\u00f3i de Souza. Para 2026, o parlamentar est\u00e1 destinando uma emenda no valor de R$ 50 mil voltada \u00e0 reforma da igreja local, atendendo a uma solicita\u00e7\u00e3o da vereadora Karol Melo, ao lado do p\u00e1roco Luciano, e de toda a comunidade [&hellip;]\" \/>\n<meta property=\"og:url\" content=\"https:\/\/ubaldofernandes.com\/index.php\/news\/ubaldo-amplia-investimentos-para-senador-eloi-de-souza-destinando-emenda-para-reforma-de-igreja\/\" \/>\n<meta property=\"og:site_name\" content=\"Ubaldo Fernandes\" \/>\n<meta property=\"article:modified_time\" content=\"2026-04-29T17:57:57+00:00\" \/>\n<meta property=\"og:image\" content=\"https:\/\/ubaldofernandes.com\/wp-content\/uploads\/2026\/04\/WhatsApp-Image-2026-04-29-at-10.27.16.jpeg\" \/>\n\t<meta property=\"og:image:width\" content=\"720\" \/>\n\t<meta property=\"og:image:height\" content=\"1280\" \/>\n\t<meta property=\"og:image:type\" content=\"image\/jpeg\" \/>\n<meta name=\"twitter:card\" content=\"summary_large_image\" \/>\n<meta name=\"twitter:label1\" content=\"Est. tempo de leitura\" \/>\n\t<meta name=\"twitter:data1\" content=\"2 minutos\" \/>\n<script type=\"application\/ld+json\" class=\"yoast-schema-graph\">{\"@context\":\"https:\/\/schema.org\",\"@graph\":[{\"@type\":\"WebPage\",\"@id\":\"https:\/\/ubaldofernandes.com\/index.php\/news\/ubaldo-amplia-investimentos-para-senador-eloi-de-souza-destinando-emenda-para-reforma-de-igreja\/\",\"url\":\"https:\/\/ubaldofernandes.com\/index.php\/news\/ubaldo-amplia-investimentos-para-senador-eloi-de-souza-destinando-emenda-para-reforma-de-igreja\/\",\"name\":\"Ubaldo amplia investimentos para Senador El\u00f3i de Souza destinando emenda para reforma de igreja - Ubaldo Fernandes\",\"isPartOf\":{\"@id\":\"https:\/\/ubaldofernandes.com\/#website\"},\"primaryImageOfPage\":{\"@id\":\"https:\/\/ubaldofernandes.com\/index.php\/news\/ubaldo-amplia-investimentos-para-senador-eloi-de-souza-destinando-emenda-para-reforma-de-igreja\/#primaryimage\"},\"image\":{\"@id\":\"https:\/\/ubaldofernandes.com\/index.php\/news\/ubaldo-amplia-investimentos-para-senador-eloi-de-souza-destinando-emenda-para-reforma-de-igreja\/#primaryimage\"},\"thumbnailUrl\":\"https:\/\/ubaldofernandes.com\/wp-content\/uploads\/2026\/04\/WhatsApp-Image-2026-04-29-at-10.27.16.jpeg\",\"datePublished\":\"2026-04-29T17:57:55+00:00\",\"dateModified\":\"2026-04-29T17:57:57+00:00\",\"breadcrumb\":{\"@id\":\"https:\/\/ubaldofernandes.com\/index.php\/news\/ubaldo-amplia-investimentos-para-senador-eloi-de-souza-destinando-emenda-para-reforma-de-igreja\/#breadcrumb\"},\"inLanguage\":\"pt-BR\",\"potentialAction\":[{\"@type\":\"ReadAction\",\"target\":[\"https:\/\/ubaldofernandes.com\/index.php\/news\/ubaldo-amplia-investimentos-para-senador-eloi-de-souza-destinando-emenda-para-reforma-de-igreja\/\"]}]},{\"@type\":\"ImageObject\",\"inLanguage\":\"pt-BR\",\"@id\":\"https:\/\/ubaldofernandes.com\/index.php\/news\/ubaldo-amplia-investimentos-para-senador-eloi-de-souza-destinando-emenda-para-reforma-de-igreja\/#primaryimage\",\"url\":\"https:\/\/ubaldofernandes.com\/wp-content\/uploads\/2026\/04\/WhatsApp-Image-2026-04-29-at-10.27.16.jpeg\",\"contentUrl\":\"https:\/\/ubaldofernandes.com\/wp-content\/uploads\/2026\/04\/WhatsApp-Image-2026-04-29-at-10.27.16.jpeg\",\"width\":720,\"height\":1280},{\"@type\":\"BreadcrumbList\",\"@id\":\"https:\/\/ubaldofernandes.com\/index.php\/news\/ubaldo-amplia-investimentos-para-senador-eloi-de-souza-destinando-emenda-para-reforma-de-igreja\/#breadcrumb\",\"itemListElement\":[{\"@type\":\"ListItem\",\"position\":1,\"name\":\"In\u00edcio\",\"item\":\"https:\/\/ubaldofernandes.com\/\"},{\"@type\":\"ListItem\",\"position\":2,\"name\":\"Not\u00edcias\",\"item\":\"https:\/\/ubaldofernandes.com\/index.php\/news\/\"},{\"@type\":\"ListItem\",\"position\":3,\"name\":\"Ubaldo amplia investimentos para Senador El\u00f3i de Souza destinando emenda para reforma de igreja\"}]},{\"@type\":\"WebSite\",\"@id\":\"https:\/\/ubaldofernandes.com\/#website\",\"url\":\"https:\/\/ubaldofernandes.com\/\",\"name\":\"Ubaldo Fernandes\",\"description\":\"Deputado Estadual\",\"potentialAction\":[{\"@type\":\"SearchAction\",\"target\":{\"@type\":\"EntryPoint\",\"urlTemplate\":\"https:\/\/ubaldofernandes.com\/?s={search_term_string}\"},\"query-input\":{\"@type\":\"PropertyValueSpecification\",\"valueRequired\":true,\"valueName\":\"search_term_string\"}}],\"inLanguage\":\"pt-BR\"}]}<\/script>\n<!-- \/ Yoast SEO plugin. -->","yoast_head_json":{"title":"Ubaldo amplia investimentos para Senador El\u00f3i de Souza destinando emenda para reforma de igreja - Ubaldo Fernandes","robots":{"index":"index","follow":"follow","max-snippet":"max-snippet:-1","max-image-preview":"max-image-preview:large","max-video-preview":"max-video-preview:-1"},"canonical":"https:\/\/ubaldofernandes.com\/index.php\/news\/ubaldo-amplia-investimentos-para-senador-eloi-de-souza-destinando-emenda-para-reforma-de-igreja\/","og_locale":"pt_BR","og_type":"article","og_title":"Ubaldo amplia investimentos para Senador El\u00f3i de Souza destinando emenda para reforma de igreja - Ubaldo Fernandes","og_description":"O deputado estadual Ubaldo Fernandes segue fortalecendo seu compromisso com o munic\u00edpio de Senador El\u00f3i de Souza. Para 2026, o parlamentar est\u00e1 destinando uma emenda no valor de R$ 50 mil voltada \u00e0 reforma da igreja local, atendendo a uma solicita\u00e7\u00e3o da vereadora Karol Melo, ao lado do p\u00e1roco Luciano, e de toda a comunidade [&hellip;]","og_url":"https:\/\/ubaldofernandes.com\/index.php\/news\/ubaldo-amplia-investimentos-para-senador-eloi-de-souza-destinando-emenda-para-reforma-de-igreja\/","og_site_name":"Ubaldo Fernandes","article_modified_time":"2026-04-29T17:57:57+00:00","og_image":[{"width":720,"height":1280,"url":"https:\/\/ubaldofernandes.com\/wp-content\/uploads\/2026\/04\/WhatsApp-Image-2026-04-29-at-10.27.16.jpeg","type":"image\/jpeg"}],"twitter_card":"summary_large_image","twitter_misc":{"Est. tempo de leitura":"2 minutos"},"schema":{"@context":"https:\/\/schema.org","@graph":[{"@type":"WebPage","@id":"https:\/\/ubaldofernandes.com\/index.php\/news\/ubaldo-amplia-investimentos-para-senador-eloi-de-souza-destinando-emenda-para-reforma-de-igreja\/","url":"https:\/\/ubaldofernandes.com\/index.php\/news\/ubaldo-amplia-investimentos-para-senador-eloi-de-souza-destinando-emenda-para-reforma-de-igreja\/","name":"Ubaldo amplia investimentos para Senador El\u00f3i de Souza destinando emenda para reforma de igreja - Ubaldo Fernandes","isPartOf":{"@id":"https:\/\/ubaldofernandes.com\/#website"},"primaryImageOfPage":{"@id":"https:\/\/ubaldofernandes.com\/index.php\/news\/ubaldo-amplia-investimentos-para-senador-eloi-de-souza-destinando-emenda-para-reforma-de-igreja\/#primaryimage"},"image":{"@id":"https:\/\/ubaldofernandes.com\/index.php\/news\/ubaldo-amplia-investimentos-para-senador-eloi-de-souza-destinando-emenda-para-reforma-de-igreja\/#primaryimage"},"thumbnailUrl":"https:\/\/ubaldofernandes.com\/wp-content\/uploads\/2026\/04\/WhatsApp-Image-2026-04-29-at-10.27.16.jpeg","datePublished":"2026-04-29T17:57:55+00:00","dateModified":"2026-04-29T17:57:57+00:00","breadcrumb":{"@id":"https:\/\/ubaldofernandes.com\/index.php\/news\/ubaldo-amplia-investimentos-para-senador-eloi-de-souza-destinando-emenda-para-reforma-de-igreja\/#breadcrumb"},"inLanguage":"pt-BR","potentialAction":[{"@type":"ReadAction","target":["https:\/\/ubaldofernandes.com\/index.php\/news\/ubaldo-amplia-investimentos-para-senador-eloi-de-souza-destinando-emenda-para-reforma-de-igreja\/"]}]},{"@type":"ImageObject","inLanguage":"pt-BR","@id":"https:\/\/ubaldofernandes.com\/index.php\/news\/ubaldo-amplia-investimentos-para-senador-eloi-de-souza-destinando-emenda-para-reforma-de-igreja\/#primaryimage","url":"https:\/\/ubaldofernandes.com\/wp-content\/uploads\/2026\/04\/WhatsApp-Image-2026-04-29-at-10.27.16.jpeg","contentUrl":"https:\/\/ubaldofernandes.com\/wp-content\/uploads\/2026\/04\/WhatsApp-Image-2026-04-29-at-10.27.16.jpeg","width":720,"height":1280},{"@type":"BreadcrumbList","@id":"https:\/\/ubaldofernandes.com\/index.php\/news\/ubaldo-amplia-investimentos-para-senador-eloi-de-souza-destinando-emenda-para-reforma-de-igreja\/#breadcrumb","itemListElement":[{"@type":"ListItem","position":1,"name":"In\u00edcio","item":"https:\/\/ubaldofernandes.com\/"},{"@type":"ListItem","position":2,"name":"Not\u00edcias","item":"https:\/\/ubaldofernandes.com\/index.php\/news\/"},{"@type":"ListItem","position":3,"name":"Ubaldo amplia investimentos para Senador El\u00f3i de Souza destinando emenda para reforma de igreja"}]},{"@type":"WebSite","@id":"https:\/\/ubaldofernandes.com\/#website","url":"https:\/\/ubaldofernandes.com\/","name":"Ubaldo Fernandes","description":"Deputado Estadual","potentialAction":[{"@type":"SearchAction","target":{"@type":"EntryPoint","urlTemplate":"https:\/\/ubaldofernandes.com\/?s={search_term_string}"},"query-input":{"@type":"PropertyValueSpecification","valueRequired":true,"valueName":"search_term_string"}}],"inLanguage":"pt-BR"}]}},"_links":{"self":[{"href":"https:\/\/ubaldofernandes.com\/index.php\/wp-json\/wp\/v2\/news\/8214","targetHints":{"allow":["GET"]}}],"collection":[{"href":"https:\/\/ubaldofernandes.com\/index.php\/wp-json\/wp\/v2\/news"}],"about":[{"href":"https:\/\/ubaldofernandes.com\/index.php\/wp-json\/wp\/v2\/types\/news"}],"wp:featuredmedia":[{"embeddable":true,"href":"https:\/\/ubaldofernandes.com\/index.php\/wp-json\/wp\/v2\/media\/8215"}],"wp:attachment":[{"href":"https:\/\/ubaldofernandes.com\/index.php\/wp-json\/wp\/v2\/media?parent=8214"}],"curies":[{"name":"wp","href":"https:\/\/api.w.org\/{rel}","templated":true}]}}